{"id":5399,"date":"2016-04-05T06:00:41","date_gmt":"2016-04-05T06:00:41","guid":{"rendered":"http:\/\/cafebarbantia.barbantia.es\/?p=5399"},"modified":"2016-03-31T07:58:48","modified_gmt":"2016-03-31T07:58:48","slug":"ulos-nosos-bosques-i","status":"publish","type":"post","link":"https:\/\/cafebarbantia.barbantia.es\/?p=5399","title":{"rendered":"Ulos nosos bosques (I)"},"content":{"rendered":"<p style=\"text-align: justify;\"><em><strong><a href=\"http:\/\/cafebarbantia.barbantia.es\/wp-content\/uploads\/2016\/03\/cadarnoxo.jpg\"><img decoding=\"async\" loading=\"lazy\" class=\"alignleft size-medium wp-image-5403\" alt=\"cadarnoxo\" src=\"http:\/\/cafebarbantia.barbantia.es\/wp-content\/uploads\/2016\/03\/cadarnoxo-225x300.jpg\" width=\"225\" height=\"300\" srcset=\"https:\/\/cafebarbantia.barbantia.es\/wp-content\/uploads\/2016\/03\/cadarnoxo-225x300.jpg 225w, https:\/\/cafebarbantia.barbantia.es\/wp-content\/uploads\/2016\/03\/cadarnoxo.jpg 375w\" sizes=\"(max-width: 225px) 100vw, 225px\" \/><\/a>Gonzalo Trasbach.\u00a0<\/strong><\/em>Que<i> din as \u00e1rbores cando unha machada entra nun bosque? Mira, o mango \u00e9 un dos nosos (<\/i>Berger). Tarde fr\u00eda. Chuvascos de pedrazos. Hab\u00eda bastante tempo que non visitaba a ladeira da serra que mira cara ao mar de Arousa. A fervenza de Cadarnoxo desp\u00e9nase coma unha grosa e longa lingua de escuma branca na lagoa estremecida do seu fondo. Sobre e entre brillantes pedras precip\u00edtase a s\u00faa corrente cara ao estreito val de Cures, onde se embestir\u00e1 violentamente coa que baixa dende Cubelo coma unha enfurecida manda desbocada logo de deixar o rastro das tres fermosas fervenzas encadeadas de Ame\u00e1n. <!--more-->Na marxe da turbia correntada observo a plantaci\u00f3n de casti\u00f1eiros na saia do monte. Fracos, longos, espidos. As s\u00faas polas est\u00e9ndense caro ao ceo coma suplicando unha frangulla de luz. Pasados Loxo da Arriba e de Abaixo, onde de calquera cornecho mana un cano de auga que busca nerviosa o leito do arrabeado r\u00edo Dotronco, det\u00e9\u00f1ome nun bosqui\u00f1o heterox\u00e9neo cuxo chan cobre un edred\u00f3n de follas. A s\u00faa nudez \u00e9 magn\u00edfica. Formado de xeito natural e irregular, pois agromou salvaxe e libre, m\u00e1is tarde foi un pouco \u201ccultivado\u201d. Un treito m\u00e1is al\u00f3: s\u00f3 plantaci\u00f3ns de pinos e eucaliptos, campos abandonados e maleza, e lixo tirado nos cami\u00f1os, xa case intransit\u00e1beis.<\/p>\n<p style=\"text-align: justify;\">\u00a0 Ao d\u00eda seguinte lin no \u201cFugas\u201d, o suplemento cultural de \u201cLa Voz de Galicia\u201d, un artigo de Juan Carlos Mart\u00ednez, xornalista honesto, pero a\u00ednda mellor persoa, co t\u00edtulo de <i>A Marronda: Un bosque<\/i>, e que comezaba as\u00ed: &lt;Un bosque es un bosque, y no una plantaci\u00f3n de \u00e1rboles. Para que sea un bosque tiene que o\u00edrse el silencio y, una vez alejados de carreteras y cafeter\u00edas, notar esa sensaci\u00f3n sobrecogedora que venimos sintiendo desde hace un mill\u00f3n de a\u00f1os, porque somos animales de pradera y en el bosque se esconden seres m\u00e1s fuertes que nosotros.<a href=\"http:\/\/cafebarbantia.barbantia.es\/wp-content\/uploads\/2016\/03\/bosque.jpg\"><img decoding=\"async\" loading=\"lazy\" class=\"alignright size-medium wp-image-5404\" alt=\"bosque\" src=\"http:\/\/cafebarbantia.barbantia.es\/wp-content\/uploads\/2016\/03\/bosque-300x187.jpg\" width=\"300\" height=\"187\" srcset=\"https:\/\/cafebarbantia.barbantia.es\/wp-content\/uploads\/2016\/03\/bosque-300x187.jpg 300w, https:\/\/cafebarbantia.barbantia.es\/wp-content\/uploads\/2016\/03\/bosque-1024x640.jpg 1024w, https:\/\/cafebarbantia.barbantia.es\/wp-content\/uploads\/2016\/03\/bosque-900x562.jpg 900w, https:\/\/cafebarbantia.barbantia.es\/wp-content\/uploads\/2016\/03\/bosque.jpg 1920w\" sizes=\"(max-width: 300px) 100vw, 300px\" \/><\/a> Por suerte, a\u00fan nos quedan unos cuantos&gt;. Ent\u00f3n interrogueime: cantos bosques aut\u00e9nticos quedan nas terras da Barbanza? Cantas fragas de verdade se contabilizan na nosa comarca? Por desgraza, coido que ningunha. Plantaci\u00f3ns de eucaliptos?, a moreas.<\/p>\n<p style=\"text-align: justify;\">De paso, lembrei que contaba cun bo feixe de frases referentes aos bosques nos meus cadernos. Dos <i>Eidos<\/i> de Novoneyra ti\u00f1a anotado: \u201coutos boscos\u201d e \u201ceiqu\u00ed sempre foi bosco\u201d. E logo estaba apuntado este par\u00e1grafo: \u201cNo bosque hai froitos silvestres, ricos froitos silvestres, pero a meirande parte deles est\u00e1 agochada debaixo das follas, alg\u00fans est\u00e1n protexidos con espi\u00f1as\u201d. De E. Thoreau: \u201cDel bosque y los territorios incultos llegan los t\u00f3nicos y las cortezas que vigorizan la humanidad\u201d. Talvez a xa afamada peste do xabaril (bicho deostado tam\u00e9n nos medios de comunicaci\u00f3n, como non!), sexa debida a que este magn\u00edfico porco salvaxe sente a falta de bosques onde vivir ou para frecuentar. Doutra banda, o poeta ingl\u00e9s Auden consideraba un bosque ben coidado como signo de graza. E engad\u00eda que as \u00e1rbores que nos cruzamos cando paseamos ou cami\u00f1amos nos revelan moitas cousas sobre a alma dun pobo. Pero tam\u00e9n resaltaba que un arboredo convertido en cinza ou un carballo descomposto e tirado no chan delataban o desastre, un desastre do que sabe moito m\u00e1is do que parece a nosa sociedade, esfia\u00f1ada porque, entre outras cousas, desprezou e despreza os seus bosques e a s\u00faa terra, por iso talvez arden un ver\u00e1n si e outro tam\u00e9n, diante da nosa indiferenza. Talvez pensamos que son algo inferior \u00e1 nosa cultura (no sentido m\u00e1is amplo).<\/p>\n","protected":false},"excerpt":{"rendered":"<p>Gonzalo Trasbach.\u00a0Que din as \u00e1rbores cando unha machada entra nun bosque? Mira, o mango \u00e9 un dos nosos (Berger). Tarde fr\u00eda. Chuvascos de pedrazos. Hab\u00eda bastante tempo que non visitaba a ladeira da serra que mira cara ao mar de Arousa. A fervenza de Cadarnoxo desp\u00e9nase coma unha grosa e longa lingua de escuma branca &hellip; <a href=\"https:\/\/cafebarbantia.barbantia.es\/?p=5399\" class=\"more-link\">Seguir lendo <span class=\"screen-reader-text\">Ulos nosos bosques (I)<\/span> <span class=\"meta-nav\">&rarr;<\/span><\/a><\/p>\n","protected":false},"author":1,"featured_media":0,"comment_status":"open","ping_status":"closed","sticky":false,"template":"","format":"standard","meta":{"_bbp_topic_count":0,"_bbp_reply_count":0,"_bbp_total_topic_count":0,"_bbp_total_reply_count":0,"_bbp_voice_count":0,"_bbp_anonymous_reply_count":0,"_bbp_topic_count_hidden":0,"_bbp_reply_count_hidden":0,"_bbp_forum_subforum_count":0,"_exactmetrics_skip_tracking":false,"_exactmetrics_sitenote_active":false,"_exactmetrics_sitenote_note":"","_exactmetrics_sitenote_category":0,"_monsterinsights_skip_tracking":false,"_monsterinsights_sitenote_active":false,"_monsterinsights_sitenote_note":"","_monsterinsights_sitenote_category":0},"categories":[7,18,9],"tags":[],"aioseo_notices":[],"_links":{"self":[{"href":"https:\/\/cafebarbantia.barbantia.es\/index.php?rest_route=\/wp\/v2\/posts\/5399"}],"collection":[{"href":"https:\/\/cafebarbantia.barbantia.es\/index.php?rest_route=\/wp\/v2\/posts"}],"about":[{"href":"https:\/\/cafebarbantia.barbantia.es\/index.php?rest_route=\/wp\/v2\/types\/post"}],"author":[{"embeddable":true,"href":"https:\/\/cafebarbantia.barbantia.es\/index.php?rest_route=\/wp\/v2\/users\/1"}],"replies":[{"embeddable":true,"href":"https:\/\/cafebarbantia.barbantia.es\/index.php?rest_route=%2Fwp%2Fv2%2Fcomments&post=5399"}],"version-history":[{"count":2,"href":"https:\/\/cafebarbantia.barbantia.es\/index.php?rest_route=\/wp\/v2\/posts\/5399\/revisions"}],"predecessor-version":[{"id":5405,"href":"https:\/\/cafebarbantia.barbantia.es\/index.php?rest_route=\/wp\/v2\/posts\/5399\/revisions\/5405"}],"wp:attachment":[{"href":"https:\/\/cafebarbantia.barbantia.es\/index.php?rest_route=%2Fwp%2Fv2%2Fmedia&parent=5399"}],"wp:term":[{"taxonomy":"category","embeddable":true,"href":"https:\/\/cafebarbantia.barbantia.es\/index.php?rest_route=%2Fwp%2Fv2%2Fcategories&post=5399"},{"taxonomy":"post_tag","embeddable":true,"href":"https:\/\/cafebarbantia.barbantia.es\/index.php?rest_route=%2Fwp%2Fv2%2Ftags&post=5399"}],"curies":[{"name":"wp","href":"https:\/\/api.w.org\/{rel}","templated":true}]}}