{"id":5427,"date":"2016-04-09T06:00:32","date_gmt":"2016-04-09T06:00:32","guid":{"rendered":"http:\/\/cafebarbantia.barbantia.es\/?p=5427"},"modified":"2016-04-07T11:26:16","modified_gmt":"2016-04-07T11:26:16","slug":"galicia-e-os-galegos-na-poesia-castela-xxxiv-pablo-garcia-baena","status":"publish","type":"post","link":"https:\/\/cafebarbantia.barbantia.es\/?p=5427","title":{"rendered":"Galicia e os galegos na poes\u00eda castel\u00e1 XXXIV. Pablo Garc\u00eda Baena"},"content":{"rendered":"<p style=\"text-align: justify;\"><b><i><a href=\"http:\/\/cafebarbantia.barbantia.es\/wp-content\/uploads\/2016\/04\/Pablo-Garcia-Baena1.jpg\"><img decoding=\"async\" loading=\"lazy\" class=\"alignleft size-medium wp-image-5428\" alt=\"Pablo Garcia Baena(1)\" src=\"http:\/\/cafebarbantia.barbantia.es\/wp-content\/uploads\/2016\/04\/Pablo-Garcia-Baena1-233x300.jpg\" width=\"233\" height=\"300\" srcset=\"https:\/\/cafebarbantia.barbantia.es\/wp-content\/uploads\/2016\/04\/Pablo-Garcia-Baena1-233x300.jpg 233w, https:\/\/cafebarbantia.barbantia.es\/wp-content\/uploads\/2016\/04\/Pablo-Garcia-Baena1.jpg 241w\" sizes=\"(max-width: 233px) 100vw, 233px\" \/><\/a>Rom\u00e1n Ar\u00e9n.<\/i><\/b> Non \u00e9 o cordob\u00e9s Pablo Garc\u00eda Baena un poeta m\u00e1is, sen\u00f3n a figura clave do grupo da revista &lt;C\u00e1ntico&gt;, na que tam\u00e9n participaron outros poetas destacados como Julio Aumente, Juan Bernier e Ricardo Molina. Nacido en 1923, acadou o Premio Pr\u00edncipe de Asturias en 1984 e o Premio Luis de G\u00f3ngora y Argote en 1991. A s\u00faa primeira obra foi <i>Rumor oculto <\/i>(1946) e a\u00ednda en 2006 publicou <i>Los Campos El\u00edseos. <\/i>Entre as d\u00faas, outros poemarios: <i>Mientras cantan los p\u00e1jaros (1948), Antiguo muchacho <\/i>(1957), <i>\u00d3leo <\/i>(1958), <i>Almoneda <\/i>(1971), <i>Tres voces del verano <\/i>(1980) e <i>Fieles guirnaldas fugitivas <\/i>(1982).<!--more--><\/p>\n<p style=\"text-align: justify;\">A sorpresa est\u00e1 en <i>Gozos de la Navidad de Vicente N\u00fa\u00f1ez <\/i>(1984) onde aparece un poema en lingua galega, de certo ton trobadoresco, homenaxe a un seu antepasado galego que se establecera en C\u00f3rdoba en 1694. Iso \u00e9 lealdade, non cabe d\u00fabida.<\/p>\n<p style=\"text-align: justify;\"><a href=\"http:\/\/cafebarbantia.barbantia.es\/wp-content\/uploads\/2016\/04\/baena2.jpg\"><img decoding=\"async\" loading=\"lazy\" class=\"alignright size-medium wp-image-5429\" alt=\"Baena\" src=\"http:\/\/cafebarbantia.barbantia.es\/wp-content\/uploads\/2016\/04\/baena2-169x300.jpg\" width=\"169\" height=\"300\" srcset=\"https:\/\/cafebarbantia.barbantia.es\/wp-content\/uploads\/2016\/04\/baena2-169x300.jpg 169w, https:\/\/cafebarbantia.barbantia.es\/wp-content\/uploads\/2016\/04\/baena2.jpg 451w\" sizes=\"(max-width: 169px) 100vw, 169px\" \/><\/a>Eu reproduzo un fragmento metapo\u00e9tico do libro <i>Antes que el tiempo acabe <\/i>(Madrid, 1978), pertencente ao poema \u201c\u00c1ngel de lluvia\u201d, que \u00e9 unha homenaxe a Gerardo Diego e ao seu poemario <i>\u00c1ngeles de Compostela:<\/i><\/p>\n<p style=\"text-align: justify;\">Brioso el podador de oto\u00f1o abate\/con su hacha de l\u00edquenes el fronde\/espeso. Se oye contumaz tijera\/por el boj. Lluvia dulce cala noche,\/astro, belleza, piedra, tenue m\u00fasica,\/ca\u00f1ucelas de agua en Compostela.<\/p>\n<p style=\"text-align: justify;\">En 1975 compilouse a s\u00faa obra entre 1946 e 1971, a <i>Poes\u00eda completa <\/i>en 1982 e 1998 e en 2002 <i>En la quietud del tiempo.<\/i><\/p>\n<p style=\"text-align: justify;\">Elegancia, influencia de Juan Ram\u00f3n e Cernuda, rigor e contenci\u00f3n definen a s\u00faa poes\u00eda.<\/p>\n","protected":false},"excerpt":{"rendered":"<p>Rom\u00e1n Ar\u00e9n. Non \u00e9 o cordob\u00e9s Pablo Garc\u00eda Baena un poeta m\u00e1is, sen\u00f3n a figura clave do grupo da revista &lt;C\u00e1ntico&gt;, na que tam\u00e9n participaron outros poetas destacados como Julio Aumente, Juan Bernier e Ricardo Molina. Nacido en 1923, acadou o Premio Pr\u00edncipe de Asturias en 1984 e o Premio Luis de G\u00f3ngora y Argote &hellip; <a href=\"https:\/\/cafebarbantia.barbantia.es\/?p=5427\" class=\"more-link\">Seguir lendo <span class=\"screen-reader-text\">Galicia e os galegos na poes\u00eda castel\u00e1 XXXIV. Pablo Garc\u00eda Baena<\/span> <span class=\"meta-nav\">&rarr;<\/span><\/a><\/p>\n","protected":false},"author":1,"featured_media":0,"comment_status":"open","ping_status":"closed","sticky":false,"template":"","format":"standard","meta":{"_bbp_topic_count":0,"_bbp_reply_count":0,"_bbp_total_topic_count":0,"_bbp_total_reply_count":0,"_bbp_voice_count":0,"_bbp_anonymous_reply_count":0,"_bbp_topic_count_hidden":0,"_bbp_reply_count_hidden":0,"_bbp_forum_subforum_count":0,"_exactmetrics_skip_tracking":false,"_exactmetrics_sitenote_active":false,"_exactmetrics_sitenote_note":"","_exactmetrics_sitenote_category":0,"_monsterinsights_skip_tracking":false,"_monsterinsights_sitenote_active":false,"_monsterinsights_sitenote_note":"","_monsterinsights_sitenote_category":0},"categories":[7,10,28],"tags":[],"aioseo_notices":[],"_links":{"self":[{"href":"https:\/\/cafebarbantia.barbantia.es\/index.php?rest_route=\/wp\/v2\/posts\/5427"}],"collection":[{"href":"https:\/\/cafebarbantia.barbantia.es\/index.php?rest_route=\/wp\/v2\/posts"}],"about":[{"href":"https:\/\/cafebarbantia.barbantia.es\/index.php?rest_route=\/wp\/v2\/types\/post"}],"author":[{"embeddable":true,"href":"https:\/\/cafebarbantia.barbantia.es\/index.php?rest_route=\/wp\/v2\/users\/1"}],"replies":[{"embeddable":true,"href":"https:\/\/cafebarbantia.barbantia.es\/index.php?rest_route=%2Fwp%2Fv2%2Fcomments&post=5427"}],"version-history":[{"count":2,"href":"https:\/\/cafebarbantia.barbantia.es\/index.php?rest_route=\/wp\/v2\/posts\/5427\/revisions"}],"predecessor-version":[{"id":5443,"href":"https:\/\/cafebarbantia.barbantia.es\/index.php?rest_route=\/wp\/v2\/posts\/5427\/revisions\/5443"}],"wp:attachment":[{"href":"https:\/\/cafebarbantia.barbantia.es\/index.php?rest_route=%2Fwp%2Fv2%2Fmedia&parent=5427"}],"wp:term":[{"taxonomy":"category","embeddable":true,"href":"https:\/\/cafebarbantia.barbantia.es\/index.php?rest_route=%2Fwp%2Fv2%2Fcategories&post=5427"},{"taxonomy":"post_tag","embeddable":true,"href":"https:\/\/cafebarbantia.barbantia.es\/index.php?rest_route=%2Fwp%2Fv2%2Ftags&post=5427"}],"curies":[{"name":"wp","href":"https:\/\/api.w.org\/{rel}","templated":true}]}}