{"id":619,"date":"2014-02-23T17:13:45","date_gmt":"2014-02-23T17:13:45","guid":{"rendered":"http:\/\/cafebarbantia.barbantia.es\/?p=619"},"modified":"2014-02-23T17:13:45","modified_gmt":"2014-02-23T17:13:45","slug":"a-flor-da-indiferenza","status":"publish","type":"post","link":"https:\/\/cafebarbantia.barbantia.es\/?p=619","title":{"rendered":"A flor da indiferenza"},"content":{"rendered":"<p style=\"text-align: justify;\"><em><strong><a href=\"http:\/\/cafebarbantia.barbantia.es\/wp-content\/uploads\/2014\/02\/cobas2.jpg\"><img decoding=\"async\" loading=\"lazy\" class=\" wp-image-624 alignright\" alt=\"cobas2\" src=\"http:\/\/cafebarbantia.barbantia.es\/wp-content\/uploads\/2014\/02\/cobas2-300x214.jpg\" width=\"300\" height=\"214\" srcset=\"https:\/\/cafebarbantia.barbantia.es\/wp-content\/uploads\/2014\/02\/cobas2-300x214.jpg 300w, https:\/\/cafebarbantia.barbantia.es\/wp-content\/uploads\/2014\/02\/cobas2.jpg 640w\" sizes=\"(max-width: 300px) 100vw, 300px\" \/><\/a>Ant\u00f3n Riveiro Coello<\/strong><\/em>. Boiro enceta os anos corenta. A primavera est\u00e1 datada nas roupas arremangadas. O sol alto curva as sombras deste escenario no que un falanxista lle ofrece unha flor \u00e1 muller sentada no balado. Pouco m\u00e1is sabemos da historia que pecha esta foto. Nada convida a pensar que esteamos diante dunha escena xentil. <!--more-->A intuici\u00f3n dinos que o acto histri\u00f3nico do home agacha a arrogancia saciada dun aceno de moca. A s\u00faa indumentaria proxecta un poder novo e el mira de o exercer sobre esta muller que carga co loito un\u00e1nime de varios s\u00e9culos. El semella querer apalpar o seu medo, mais ela def\u00e9ndese cunha indiferenza feroz; o seu silencio \u00e9 o seu mellor escudo. Impresiona a acougada tristura dese rostro avellentado prematuramente por unha dor consuntiva, prehist\u00f3rica. A sombra que lle borra os ollos d\u00e1lle unha fondura resignada que se consolida no tri\u00e1ngulo case aristocr\u00e1tico desas mans afeitas a debullar ausencias e res\u00edos. Non parece un ser vulnerable. E n\u00f3s non somos conscientes do que lle d\u00e1 azos \u00e1 nosa indignaci\u00f3n. Se cadra sexa a burla ou esa expresi\u00f3n atl\u00e9tica e un nada circense do falanxista, que arremeda unha pose afectada que o infla e pon medras no seu tama\u00f1o. Non o sabemos. O que si sabemos \u00e9 que ela est\u00e1 coma ausente, lonxe del, e mira para f\u00f3ra, para as sombras, para o espectador que secunda a humillaci\u00f3n e adopta a perspectiva do verdugo. A\u00ed estamos n\u00f3s, que queremos vestir a pel da v\u00edtima, ese mapa historiado de n\u00f3s, mais s\u00f3 ficamos \u00e1 s\u00faa merc\u00e9, atrapados por ese aceno incisivo no que se materializa un reproche, esa ollada inculpadora que deixa \u00e1 intemperie a nosa condescendencia, o noso propio medo.<\/p>\n","protected":false},"excerpt":{"rendered":"<p>Ant\u00f3n Riveiro Coello. Boiro enceta os anos corenta. A primavera est\u00e1 datada nas roupas arremangadas. O sol alto curva as sombras deste escenario no que un falanxista lle ofrece unha flor \u00e1 muller sentada no balado. Pouco m\u00e1is sabemos da historia que pecha esta foto. Nada convida a pensar que esteamos diante dunha escena xentil.<\/p>\n","protected":false},"author":1,"featured_media":0,"comment_status":"open","ping_status":"closed","sticky":false,"template":"","format":"standard","meta":{"_bbp_topic_count":0,"_bbp_reply_count":0,"_bbp_total_topic_count":0,"_bbp_total_reply_count":0,"_bbp_voice_count":0,"_bbp_anonymous_reply_count":0,"_bbp_topic_count_hidden":0,"_bbp_reply_count_hidden":0,"_bbp_forum_subforum_count":0,"_exactmetrics_skip_tracking":false,"_exactmetrics_sitenote_active":false,"_exactmetrics_sitenote_note":"","_exactmetrics_sitenote_category":0,"_monsterinsights_skip_tracking":false,"_monsterinsights_sitenote_active":false,"_monsterinsights_sitenote_note":"","_monsterinsights_sitenote_category":0},"categories":[13,32,9],"tags":[],"aioseo_notices":[],"_links":{"self":[{"href":"https:\/\/cafebarbantia.barbantia.es\/index.php?rest_route=\/wp\/v2\/posts\/619"}],"collection":[{"href":"https:\/\/cafebarbantia.barbantia.es\/index.php?rest_route=\/wp\/v2\/posts"}],"about":[{"href":"https:\/\/cafebarbantia.barbantia.es\/index.php?rest_route=\/wp\/v2\/types\/post"}],"author":[{"embeddable":true,"href":"https:\/\/cafebarbantia.barbantia.es\/index.php?rest_route=\/wp\/v2\/users\/1"}],"replies":[{"embeddable":true,"href":"https:\/\/cafebarbantia.barbantia.es\/index.php?rest_route=%2Fwp%2Fv2%2Fcomments&post=619"}],"version-history":[{"count":4,"href":"https:\/\/cafebarbantia.barbantia.es\/index.php?rest_route=\/wp\/v2\/posts\/619\/revisions"}],"predecessor-version":[{"id":633,"href":"https:\/\/cafebarbantia.barbantia.es\/index.php?rest_route=\/wp\/v2\/posts\/619\/revisions\/633"}],"wp:attachment":[{"href":"https:\/\/cafebarbantia.barbantia.es\/index.php?rest_route=%2Fwp%2Fv2%2Fmedia&parent=619"}],"wp:term":[{"taxonomy":"category","embeddable":true,"href":"https:\/\/cafebarbantia.barbantia.es\/index.php?rest_route=%2Fwp%2Fv2%2Fcategories&post=619"},{"taxonomy":"post_tag","embeddable":true,"href":"https:\/\/cafebarbantia.barbantia.es\/index.php?rest_route=%2Fwp%2Fv2%2Ftags&post=619"}],"curies":[{"name":"wp","href":"https:\/\/api.w.org\/{rel}","templated":true}]}}