{"id":635,"date":"2014-02-25T20:38:28","date_gmt":"2014-02-25T20:38:28","guid":{"rendered":"http:\/\/cafebarbantia.barbantia.es\/?p=635"},"modified":"2014-02-26T08:45:47","modified_gmt":"2014-02-26T08:45:47","slug":"sesquicentenario-de-cantares-gallegos-revista-casa-da-gramatica","status":"publish","type":"post","link":"https:\/\/cafebarbantia.barbantia.es\/?p=635","title":{"rendered":"Sesquicentenario de \u00abCantares gallegos\u00bb, Revista Casa da Gram\u00e1tica"},"content":{"rendered":"<figure id=\"attachment_637\" aria-describedby=\"caption-attachment-637\" style=\"width: 161px\" class=\"wp-caption alignright\"><a href=\"http:\/\/cafebarbantia.barbantia.es\/wp-content\/uploads\/2014\/02\/papel-de-cor.jpg\"><img decoding=\"async\" loading=\"lazy\" class=\"wp-image-637  \" style=\"border: 1px solid black;\" alt=\"N\u00famero 38 (2013). Especial \u00abPapel de color\u00bb. IES Virxe do Mar (Noia)\" src=\"http:\/\/cafebarbantia.barbantia.es\/wp-content\/uploads\/2014\/02\/papel-de-cor-230x300.jpg\" width=\"161\" height=\"210\" srcset=\"https:\/\/cafebarbantia.barbantia.es\/wp-content\/uploads\/2014\/02\/papel-de-cor-230x300.jpg 230w, https:\/\/cafebarbantia.barbantia.es\/wp-content\/uploads\/2014\/02\/papel-de-cor.jpg 300w\" sizes=\"(max-width: 161px) 100vw, 161px\" \/><\/a><figcaption id=\"caption-attachment-637\" class=\"wp-caption-text\">N\u00famero 38 (2013). Especial \u00abPapel de color\u00bb. IES Virxe do Mar (Noia)<\/figcaption><\/figure>\n<p style=\"text-align: justify;\"><b><i>Rom\u00e1n Ar\u00e9n<\/i><\/b>. Nas lembranzas que mereceu o 150 aniversario da sa\u00edda do prelo, en Vigo, do libro fundador da literatura galega contempor\u00e1nea, Cantares gallegos, am\u00e1lgama perfecta de cultura popular e alta cultura literaria, hai que destacar o n\u00famero de xullo do 2013 de Casa da gram\u00e1tica, a revista noiesa que \u00e9 xa, un dos fitos culturais da bisbarra. Incl\u00fae sempre o especial Papel de color, recordo da xuvenil iniciativa do Cunqueiro de preguerra, con colaboraci\u00f3ns non s\u00f3 do alumnado do Instituto de Ensino Secundario Virxe do Mar, sen\u00f3n de escritor@s de noso e de toda Galicia.<!--more--><\/p>\n<p style=\"text-align: justify;\">Neste especial, tras o balbordo da aparici\u00f3n de varios in\u00e9ditos rosalianos, incl\u00faese o traballo do profesor Ram\u00f3n Torrado Romero, o primeiro en dar noticia do in\u00e9dito galego da autora padronesa. Traballo cheo de amor \u00e1 Rosal\u00eda, con opini\u00f3ns persoais dignas de tomarse en conta e que fixeron que a Real Academia Galega felicitase o autor.<\/p>\n<p style=\"text-align: justify;\">Pero, ademais deste ensaio, en Negra ausencia de contento, A. Requeixo estuda a presenza de Rosal\u00eda en D\u00edaz J\u00e1come, Ram\u00f3n Blanco fai uns Apuntamentos sobre o galego escrito por Rosal\u00eda de Castro, Ana Mar\u00eda Blanco escribe sobre Algunha lectura de Cantares, e M. do R\u00edo Rodr\u00edguez d\u00e1nos a co\u00f1ecer A Rosal\u00eda do B\u00e1ltico, a poeta estoniana Lydia Koidula, da que nos ofrece na nosa lingua alg\u00fans textos.<\/p>\n<p style=\"text-align: justify;\">Parab\u00e9ns aos promotores deste n\u00famero de Casa da gram\u00e1tica, digno homenaxe a Rosal\u00eda.<\/p>\n","protected":false},"excerpt":{"rendered":"<p>Rom\u00e1n Ar\u00e9n. Nas lembranzas que mereceu o 150 aniversario da sa\u00edda do prelo, en Vigo, do libro fundador da literatura galega contempor\u00e1nea, Cantares gallegos, am\u00e1lgama perfecta de cultura popular e alta cultura literaria, hai que destacar o n\u00famero de xullo do 2013 de Casa da gram\u00e1tica, a revista noiesa que \u00e9 xa, un dos fitos &hellip; <a href=\"https:\/\/cafebarbantia.barbantia.es\/?p=635\" class=\"more-link\">Seguir lendo <span class=\"screen-reader-text\">Sesquicentenario de \u00abCantares gallegos\u00bb, Revista Casa da Gram\u00e1tica<\/span> <span class=\"meta-nav\">&rarr;<\/span><\/a><\/p>\n","protected":false},"author":1,"featured_media":0,"comment_status":"open","ping_status":"closed","sticky":false,"template":"","format":"standard","meta":{"_bbp_topic_count":0,"_bbp_reply_count":0,"_bbp_total_topic_count":0,"_bbp_total_reply_count":0,"_bbp_voice_count":0,"_bbp_anonymous_reply_count":0,"_bbp_topic_count_hidden":0,"_bbp_reply_count_hidden":0,"_bbp_forum_subforum_count":0,"_exactmetrics_skip_tracking":false,"_exactmetrics_sitenote_active":false,"_exactmetrics_sitenote_note":"","_exactmetrics_sitenote_category":0,"_monsterinsights_skip_tracking":false,"_monsterinsights_sitenote_active":false,"_monsterinsights_sitenote_note":"","_monsterinsights_sitenote_category":0},"categories":[10,28],"tags":[],"aioseo_notices":[],"_links":{"self":[{"href":"https:\/\/cafebarbantia.barbantia.es\/index.php?rest_route=\/wp\/v2\/posts\/635"}],"collection":[{"href":"https:\/\/cafebarbantia.barbantia.es\/index.php?rest_route=\/wp\/v2\/posts"}],"about":[{"href":"https:\/\/cafebarbantia.barbantia.es\/index.php?rest_route=\/wp\/v2\/types\/post"}],"author":[{"embeddable":true,"href":"https:\/\/cafebarbantia.barbantia.es\/index.php?rest_route=\/wp\/v2\/users\/1"}],"replies":[{"embeddable":true,"href":"https:\/\/cafebarbantia.barbantia.es\/index.php?rest_route=%2Fwp%2Fv2%2Fcomments&post=635"}],"version-history":[{"count":5,"href":"https:\/\/cafebarbantia.barbantia.es\/index.php?rest_route=\/wp\/v2\/posts\/635\/revisions"}],"predecessor-version":[{"id":661,"href":"https:\/\/cafebarbantia.barbantia.es\/index.php?rest_route=\/wp\/v2\/posts\/635\/revisions\/661"}],"wp:attachment":[{"href":"https:\/\/cafebarbantia.barbantia.es\/index.php?rest_route=%2Fwp%2Fv2%2Fmedia&parent=635"}],"wp:term":[{"taxonomy":"category","embeddable":true,"href":"https:\/\/cafebarbantia.barbantia.es\/index.php?rest_route=%2Fwp%2Fv2%2Fcategories&post=635"},{"taxonomy":"post_tag","embeddable":true,"href":"https:\/\/cafebarbantia.barbantia.es\/index.php?rest_route=%2Fwp%2Fv2%2Ftags&post=635"}],"curies":[{"name":"wp","href":"https:\/\/api.w.org\/{rel}","templated":true}]}}