{"id":6782,"date":"2017-01-06T06:00:03","date_gmt":"2017-01-06T06:00:03","guid":{"rendered":"http:\/\/cafebarbantia.barbantia.es\/?p=6782"},"modified":"2016-12-21T23:11:19","modified_gmt":"2016-12-21T23:11:19","slug":"paisaxes-urbanas-como-espazos-de-lectura-da-historia","status":"publish","type":"post","link":"https:\/\/cafebarbantia.barbantia.es\/?p=6782","title":{"rendered":"Paisaxes urbanas como espazos de lectura da historia"},"content":{"rendered":"<figure id=\"attachment_6783\" aria-describedby=\"caption-attachment-6783\" style=\"width: 300px\" class=\"wp-caption alignleft\"><a href=\"http:\/\/cafebarbantia.barbantia.es\/wp-content\/uploads\/2016\/12\/paisaxes-urbanas.jpg\"><img decoding=\"async\" loading=\"lazy\" class=\"size-medium wp-image-6783\" alt=\"paisaxes urbanas\" src=\"http:\/\/cafebarbantia.barbantia.es\/wp-content\/uploads\/2016\/12\/paisaxes-urbanas-300x243.jpg\" width=\"300\" height=\"243\" srcset=\"https:\/\/cafebarbantia.barbantia.es\/wp-content\/uploads\/2016\/12\/paisaxes-urbanas-300x243.jpg 300w, https:\/\/cafebarbantia.barbantia.es\/wp-content\/uploads\/2016\/12\/paisaxes-urbanas-900x730.jpg 900w, https:\/\/cafebarbantia.barbantia.es\/wp-content\/uploads\/2016\/12\/paisaxes-urbanas.jpg 936w\" sizes=\"(max-width: 300px) 100vw, 300px\" \/><\/a><figcaption id=\"caption-attachment-6783\" class=\"wp-caption-text\">Vista a\u00e9rea da vila de Noia, unha paisaxe urbana de s\u00e9culos<\/figcaption><\/figure>\n<p style=\"text-align: justify;\"><em><strong>Pedro Garc\u00eda Vidal.\u00a0<\/strong><\/em>Sobre o substrato natural que lle d\u00e1 forma, a cidade pres\u00e9ntase como a m\u00e1is artificial das paisaxes: un entrabado de espazos libres e edificados resultante da interacci\u00f3n dos seres humanos coa natureza. A paisaxe que se nos mostra \u00e9 s\u00f3 o resultado final dun longo proceso de transformaci\u00f3n. Por iso, e dado que diferentes sociedades actuaron sobre o espazo, cadans\u00faa coas s\u00faas caracter\u00edsticas propias, o resultado \u00e9 un lugar singular<!--more-->, individualizado, ditado de formas particulares, determinadas non s\u00f3 polas s\u00faas propiedades morfol\u00f3xicas naturais, sen\u00f3n tam\u00e9n pola identidade cultural e hist\u00f3rica. Cada cidade ofrece as\u00ed unha cara particular, un rostro con fisionom\u00eda propia.<\/p>\n<div id=\"ad-RobaMobile\" itemscope=\"\" itemtype=\"http:\/\/schema.org\/WPAdBlock\" style=\"text-align: justify;\" data-url=\"\/4900\/webm.EXT.LAVOZDEGALICIA\/noia\" data-mapping=\"ROBAMOBILE\" data-sizes=\"[[300,250],[300,300],[350, 300],[300,600],[350, 600]]\" data-param=\"pos\" data-targeting=\"robapaginas\"><span style=\"font-size: 16px;\">Cada paisaxe \u00e9 un dep\u00f3sito hist\u00f3rico e un espazo onde podemos ler o paso do tempo. A paisaxe de vilas antigas como Noia ou Muros, nas que hoxe vivimos, foi conformada por xeraci\u00f3ns anteriores, e \u00e9 o resultado dunha historia caracterizada por per\u00edodos de transformaci\u00f3ns e outros de relativa estabilidade. Esa historia aparece en forma de capas, polo que as s\u00faas paisaxes son como formaci\u00f3ns xeol\u00f3xicas. Cada xeraci\u00f3n deixou tras de si un estrato propio, unhas m\u00e1is, outras menos. Unha serie de capas de intensidade diferente retroceden ata as orixes remotas das vilas hist\u00f3ricas de Noia e Muros.<\/span><\/div>\n<div style=\"text-align: justify;\"><span style=\"font-size: 16px;\">As capas do tempo aparecen espalladas polo espazo urbano en forma de restos incompletos que act\u00faan como f\u00f3siles directores. Cando destru\u00edmos algunha destas testemu\u00f1as, borramos a pegada dun pasado propio, estamos perdendo algo que nos pertenc\u00eda a todos. A perda pr\u00edvanos da memoria do que fomos e, polo tanto, da identidade do que somos. O que est\u00e1 en perigo \u00e9 a autenticidade, a identidade dunha forma particular de vivir en comunidade. Por iso, ante o dilema construci\u00f3n-destruci\u00f3n vemos igualmente defendibles tanto o gran monumento que define as ambici\u00f3ns art\u00edsticas dunha \u00e9poca, como as casas de construci\u00f3n tipol\u00f3xica e materiais humildes que reflicten o car\u00e1cter urbano e humano dun momento determinado.<\/span><\/div>\n<div id=\"ad-Roba2DetalleMobile\" itemscope=\"\" itemtype=\"http:\/\/schema.org\/WPAdBlock\" style=\"text-align: justify;\" data-url=\"\/2260323\/Roba_2_detalle_mobile\" data-mapping=\"ROBAMOBILE\" data-sizes=\"[[300,250],[300,300],[350, 300],[300,600],[350, 600]]\" data-param=\"seccion\" data-targeting=\"\"><\/div>\n<p style=\"text-align: justify;\">Entender a realidade urbana actual como o resultado dun proceso de relaci\u00f3n dos seres humanos e o espazo, vai alterar a maneira en que sentimos e vivimos a cidade. Sup\u00f3n unha invitaci\u00f3n a co\u00f1ecer a cidade en que habitamos fac\u00e9ndonos part\u00edcipes dela. Andar, perderse polas s\u00faas r\u00faas m\u00e1is secretas, explorar os seus m\u00faltiples trazados, mirar as pegadas doutros que nos precederon, sorprenderse entre un mar de xeometr\u00edas, descubrir canto nos rodea con outra mirada non deixa indiferente. Ser consciente do patrimonio perdido ou deteriorado, as\u00ed como descubrir novo patrimonio, desenvolve dinamismo, optimismo, referencias que dan identidade e futuro \u00e1s xentes que habitamos o lugar. Constit\u00fae sempre un pracer mirar a particular paisaxe dunha vila ou cidade antiga cunha mirada interesada, pois sup\u00f3n penetrar a s\u00faa alma m\u00e1is \u00edntima, comprender os procesos que conduciron ata a crise do presente, e participar doutras opci\u00f3ns de desenvolvemento urbano m\u00e1is sostibles.<\/p>\n","protected":false},"excerpt":{"rendered":"<p>Pedro Garc\u00eda Vidal.\u00a0Sobre o substrato natural que lle d\u00e1 forma, a cidade pres\u00e9ntase como a m\u00e1is artificial das paisaxes: un entrabado de espazos libres e edificados resultante da interacci\u00f3n dos seres humanos coa natureza. A paisaxe que se nos mostra \u00e9 s\u00f3 o resultado final dun longo proceso de transformaci\u00f3n. Por iso, e dado que &hellip; <a href=\"https:\/\/cafebarbantia.barbantia.es\/?p=6782\" class=\"more-link\">Seguir lendo <span class=\"screen-reader-text\">Paisaxes urbanas como espazos de lectura da historia<\/span> <span class=\"meta-nav\">&rarr;<\/span><\/a><\/p>\n","protected":false},"author":1,"featured_media":0,"comment_status":"open","ping_status":"closed","sticky":false,"template":"","format":"standard","meta":{"_bbp_topic_count":0,"_bbp_reply_count":0,"_bbp_total_topic_count":0,"_bbp_total_reply_count":0,"_bbp_voice_count":0,"_bbp_anonymous_reply_count":0,"_bbp_topic_count_hidden":0,"_bbp_reply_count_hidden":0,"_bbp_forum_subforum_count":0,"_exactmetrics_skip_tracking":false,"_exactmetrics_sitenote_active":false,"_exactmetrics_sitenote_note":"","_exactmetrics_sitenote_category":0,"_monsterinsights_skip_tracking":false,"_monsterinsights_sitenote_active":false,"_monsterinsights_sitenote_note":"","_monsterinsights_sitenote_category":0},"categories":[7,34],"tags":[],"aioseo_notices":[],"_links":{"self":[{"href":"https:\/\/cafebarbantia.barbantia.es\/index.php?rest_route=\/wp\/v2\/posts\/6782"}],"collection":[{"href":"https:\/\/cafebarbantia.barbantia.es\/index.php?rest_route=\/wp\/v2\/posts"}],"about":[{"href":"https:\/\/cafebarbantia.barbantia.es\/index.php?rest_route=\/wp\/v2\/types\/post"}],"author":[{"embeddable":true,"href":"https:\/\/cafebarbantia.barbantia.es\/index.php?rest_route=\/wp\/v2\/users\/1"}],"replies":[{"embeddable":true,"href":"https:\/\/cafebarbantia.barbantia.es\/index.php?rest_route=%2Fwp%2Fv2%2Fcomments&post=6782"}],"version-history":[{"count":1,"href":"https:\/\/cafebarbantia.barbantia.es\/index.php?rest_route=\/wp\/v2\/posts\/6782\/revisions"}],"predecessor-version":[{"id":6784,"href":"https:\/\/cafebarbantia.barbantia.es\/index.php?rest_route=\/wp\/v2\/posts\/6782\/revisions\/6784"}],"wp:attachment":[{"href":"https:\/\/cafebarbantia.barbantia.es\/index.php?rest_route=%2Fwp%2Fv2%2Fmedia&parent=6782"}],"wp:term":[{"taxonomy":"category","embeddable":true,"href":"https:\/\/cafebarbantia.barbantia.es\/index.php?rest_route=%2Fwp%2Fv2%2Fcategories&post=6782"},{"taxonomy":"post_tag","embeddable":true,"href":"https:\/\/cafebarbantia.barbantia.es\/index.php?rest_route=%2Fwp%2Fv2%2Ftags&post=6782"}],"curies":[{"name":"wp","href":"https:\/\/api.w.org\/{rel}","templated":true}]}}