{"id":7386,"date":"2017-06-06T06:00:21","date_gmt":"2017-06-06T06:00:21","guid":{"rendered":"http:\/\/cafebarbantia.barbantia.es\/?p=7386"},"modified":"2017-05-31T20:30:41","modified_gmt":"2017-05-31T20:30:41","slug":"unha-historia-de-outes","status":"publish","type":"post","link":"https:\/\/cafebarbantia.barbantia.es\/?p=7386","title":{"rendered":"Unha historia de Outes"},"content":{"rendered":"<p style=\"text-align: justify;\"><em><strong><a href=\"http:\/\/cafebarbantia.barbantia.es\/wp-content\/uploads\/2017\/04\/historia-de-outes.jpg\"><img decoding=\"async\" loading=\"lazy\" class=\"alignright size-medium wp-image-7387\" alt=\"historia de outes\" src=\"http:\/\/cafebarbantia.barbantia.es\/wp-content\/uploads\/2017\/04\/historia-de-outes-211x300.jpg\" width=\"211\" height=\"300\" srcset=\"https:\/\/cafebarbantia.barbantia.es\/wp-content\/uploads\/2017\/04\/historia-de-outes-211x300.jpg 211w, https:\/\/cafebarbantia.barbantia.es\/wp-content\/uploads\/2017\/04\/historia-de-outes.jpg 255w\" sizes=\"(max-width: 211px) 100vw, 211px\" \/><\/a>Rom\u00e1n Ar\u00e9n.\u00a0<\/strong><\/em>Xo\u00e1n F. Garc\u00eda Su\u00e1rez publicou, en colaboraci\u00f3n con Xo\u00e1n Mari\u00f1o Reino, unhas\u00a0<em>Efem\u00e9rides de Outes<\/em>, en 1998, e agora en solitario recolle a historia de Outes dende a Restauraci\u00f3n do s\u00e9culo XIX ata os primeiros anos da democracia. Unha boa noticia para os habitantes deste municipio, pois se ti\u00f1amos moi ben estudado o seu patrimonio art\u00edstico por Xo\u00e1n Mari\u00f1o, non contaban cunha obra de conxunto sobre a s\u00faa historia contempor\u00e1nea, que une a investigaci\u00f3n nos arquivos municipais e galegos \u00e1 revisi\u00f3n hemerogr\u00e1fica e bibliogr\u00e1fica. Obra organizada en tres partes, a primeira abrangue a Restauraci\u00f3n (1875-1931), a segunda trata da II Rep\u00fablica e a Guerra Civil, e a terceira estuda a ditadura franquista e os primeiros anos democr\u00e1ticos<!--more-->, con Outes a\u00ednda gobernado por un alcalde herdado do fascismo, Gonzalo P\u00e9rez Villaverde, quen ser\u00eda elixido en 1977 como candidato da UCD e que seguir\u00eda no poder ata 1995. Ofrece, ademais, dous \u00fatiles anexos, un que relaciona os alcaldes de Outes dende 1876 ata 1995 e, o segundo, cunha cronolox\u00eda dende 1878, o ano da morte do poeta Francisco A\u00f1\u00f3n, ata 1980. A obra procura ser obxectiva e contextualizar os acontecementos municipais nun \u00e1mbito hist\u00f3rico m\u00e1is amplo. Atende non s\u00f3 a asuntos sociais e pol\u00edticos, pois ten en conta tam\u00e9n feitos culturais e asociativos, sobre todo os referidos \u00e1 figura cultural m\u00e1is importante de Outes, Francisco A\u00f1\u00f3n.<\/p>\n<div id=\"ad-RobaMobile\" itemscope=\"\" itemtype=\"http:\/\/schema.org\/WPAdBlock\" style=\"text-align: justify;\" data-url=\"\/4900\/webm.EXT.LAVOZDEGALICIA\/edicion\/\/barbanza\" data-mapping=\"ROBAMOBILE\" data-sizes=\"[[300,250],[300,300],[350, 300],[300,600],[350, 600]]\" data-param=\"pos\" data-targeting=\"robapaginas\"><\/div>\n<p style=\"text-align: justify;\">100 anos da historia de Outes (1880-1980)<\/p>\n<p style=\"text-align: justify;\">Xo\u00e1n F. Garc\u00eda Su\u00e1rez<\/p>\n<p style=\"text-align: justify;\">(Asociaci\u00f3n Terra de Outes, 2016)<\/p>\n<div id=\"ad-Roba2DetalleMobile\" itemscope=\"\" itemtype=\"http:\/\/schema.org\/WPAdBlock\" style=\"text-align: justify;\" data-url=\"\/2260323\/Roba_2_detalle_mobile\" data-mapping=\"ROBAMOBILE\" data-sizes=\"[[300,250],[300,300],[350, 300],[300,600],[350, 600]]\" data-param=\"seccion\" data-targeting=\"\"><\/div>\n<p style=\"text-align: justify;\">197 p\u00e1xinas<\/p>\n","protected":false},"excerpt":{"rendered":"<p>Rom\u00e1n Ar\u00e9n.\u00a0Xo\u00e1n F. Garc\u00eda Su\u00e1rez publicou, en colaboraci\u00f3n con Xo\u00e1n Mari\u00f1o Reino, unhas\u00a0Efem\u00e9rides de Outes, en 1998, e agora en solitario recolle a historia de Outes dende a Restauraci\u00f3n do s\u00e9culo XIX ata os primeiros anos da democracia. Unha boa noticia para os habitantes deste municipio, pois se ti\u00f1amos moi ben estudado o seu patrimonio &hellip; <a href=\"https:\/\/cafebarbantia.barbantia.es\/?p=7386\" class=\"more-link\">Seguir lendo <span class=\"screen-reader-text\">Unha historia de Outes<\/span> <span class=\"meta-nav\">&rarr;<\/span><\/a><\/p>\n","protected":false},"author":1,"featured_media":0,"comment_status":"open","ping_status":"closed","sticky":false,"template":"","format":"standard","meta":{"_bbp_topic_count":0,"_bbp_reply_count":0,"_bbp_total_topic_count":0,"_bbp_total_reply_count":0,"_bbp_voice_count":0,"_bbp_anonymous_reply_count":0,"_bbp_topic_count_hidden":0,"_bbp_reply_count_hidden":0,"_bbp_forum_subforum_count":0,"_exactmetrics_skip_tracking":false,"_exactmetrics_sitenote_active":false,"_exactmetrics_sitenote_note":"","_exactmetrics_sitenote_category":0,"_monsterinsights_skip_tracking":false,"_monsterinsights_sitenote_active":false,"_monsterinsights_sitenote_note":"","_monsterinsights_sitenote_category":0},"categories":[7,28],"tags":[],"aioseo_notices":[],"_links":{"self":[{"href":"https:\/\/cafebarbantia.barbantia.es\/index.php?rest_route=\/wp\/v2\/posts\/7386"}],"collection":[{"href":"https:\/\/cafebarbantia.barbantia.es\/index.php?rest_route=\/wp\/v2\/posts"}],"about":[{"href":"https:\/\/cafebarbantia.barbantia.es\/index.php?rest_route=\/wp\/v2\/types\/post"}],"author":[{"embeddable":true,"href":"https:\/\/cafebarbantia.barbantia.es\/index.php?rest_route=\/wp\/v2\/users\/1"}],"replies":[{"embeddable":true,"href":"https:\/\/cafebarbantia.barbantia.es\/index.php?rest_route=%2Fwp%2Fv2%2Fcomments&post=7386"}],"version-history":[{"count":1,"href":"https:\/\/cafebarbantia.barbantia.es\/index.php?rest_route=\/wp\/v2\/posts\/7386\/revisions"}],"predecessor-version":[{"id":7388,"href":"https:\/\/cafebarbantia.barbantia.es\/index.php?rest_route=\/wp\/v2\/posts\/7386\/revisions\/7388"}],"wp:attachment":[{"href":"https:\/\/cafebarbantia.barbantia.es\/index.php?rest_route=%2Fwp%2Fv2%2Fmedia&parent=7386"}],"wp:term":[{"taxonomy":"category","embeddable":true,"href":"https:\/\/cafebarbantia.barbantia.es\/index.php?rest_route=%2Fwp%2Fv2%2Fcategories&post=7386"},{"taxonomy":"post_tag","embeddable":true,"href":"https:\/\/cafebarbantia.barbantia.es\/index.php?rest_route=%2Fwp%2Fv2%2Ftags&post=7386"}],"curies":[{"name":"wp","href":"https:\/\/api.w.org\/{rel}","templated":true}]}}