{"id":7439,"date":"2017-07-28T06:00:20","date_gmt":"2017-07-28T06:00:20","guid":{"rendered":"http:\/\/cafebarbantia.barbantia.es\/?p=7439"},"modified":"2017-07-28T08:35:10","modified_gmt":"2017-07-28T08:35:10","slug":"el-baculo-y-la-ballesta-diego-gelmirez-1065-1140-de-ermelindo-portela","status":"publish","type":"post","link":"https:\/\/cafebarbantia.barbantia.es\/?p=7439","title":{"rendered":"El b\u00e1culo y la ballesta. Diego Gelm\u00edrez (1065-1140), de Ermelindo Portela"},"content":{"rendered":"<p style=\"text-align: justify;\"><a href=\"http:\/\/cafebarbantia.barbantia.es\/wp-content\/uploads\/2017\/04\/baculo.jpg\"><img decoding=\"async\" loading=\"lazy\" class=\"wp-image-7440 alignright\" alt=\"baculo\" src=\"http:\/\/cafebarbantia.barbantia.es\/wp-content\/uploads\/2017\/04\/baculo-198x300.jpg\" width=\"158\" height=\"240\" srcset=\"https:\/\/cafebarbantia.barbantia.es\/wp-content\/uploads\/2017\/04\/baculo-198x300.jpg 198w, https:\/\/cafebarbantia.barbantia.es\/wp-content\/uploads\/2017\/04\/baculo.jpg 515w\" sizes=\"(max-width: 158px) 100vw, 158px\" \/><\/a><em><strong>Xerardo AgraFoxo.\u00a0<\/strong><\/em>Da man deste reco\u00f1ecido investigador, catedr\u00e1tico de Historia Medieval da USC,\u00a0 temos unha excepcional obra, unhas p\u00e1xinas que resaltan a figura do arcebispo de Santiago de Compostela entre os anos 1100 e 1140. O libro, que conta cunha ampla <i>Bibliograf\u00eda<\/i> e un \u00a0<i>\u00cdndice de Nombres, <\/i>est\u00e1 divido<i> <\/i>en tres amplas partes. A primeira, baixo o t\u00edtulo de LA CRISTIANDAD, recolle os esforzo de Diego Xelm\u00edrez para potenciar a cidade do ap\u00f3stolo nun intre dominado polos esforzos dos reinos cristi\u00e1ns para levar adiante o esp\u00edrito da Reconquista. <!--more-->A segunda, titulada El REINO, \u00e9 un estudo sobre as controversias xurdidas entre o arcebispo e os burgueses de Santiago e os seus enfrontamentos coa monarqu\u00eda\u00a0 castel\u00e1 representada pola ra\u00ed\u00f1a dona Urraca e o seu home Raimundo de Borgo\u00f1a. Na terceira, EL SE\u00d1OR\u00cdO, resulta imprescindible para co\u00f1ecer como se consolidou o Se\u00f1or\u00edo da Terra de Santiago, entre os r\u00edos Tambre e Ulla, a partir das concesi\u00f3ns que acadou a Mitra coas doaz\u00f3ns rexias, e como soubo defender o seu territorio administrativo, no que, por certo,\u00a0 estaba inclu\u00edda a Terra da Barbanza.<\/p>\n<p style=\"text-align: justify;\"><a href=\"http:\/\/cafebarbantia.barbantia.es\/wp-content\/uploads\/2017\/04\/erme.jpg\"><img decoding=\"async\" loading=\"lazy\" class=\"wp-image-7441 alignleft\" alt=\"erme\" src=\"http:\/\/cafebarbantia.barbantia.es\/wp-content\/uploads\/2017\/04\/erme.jpg\" width=\"115\" height=\"174\" \/><\/a>Este estudo, m\u00e1is que ofrecer unha candea sobre alg\u00fans perfiles biogr\u00e1ficos de Xelm\u00edrez, ofrece unha documentada visi\u00f3n sobre a dimensi\u00f3n pol\u00edtica que adquiriu este controvertido prelado naquela \u00e9poca que alg\u00fans historiadores galegos bautizaron no seu d\u00eda como a ERA DE COMPOSTELA (S. XI-XIII). Sen d\u00fabida, unha obra de lectura agradable e de importancia vital para todos aqueles que desexen mergullarse nun per\u00edodo tan transcendente da nosa historia.<\/p>\n","protected":false},"excerpt":{"rendered":"<p>Xerardo AgraFoxo.\u00a0Da man deste reco\u00f1ecido investigador, catedr\u00e1tico de Historia Medieval da USC,\u00a0 temos unha excepcional obra, unhas p\u00e1xinas que resaltan a figura do arcebispo de Santiago de Compostela entre os anos 1100 e 1140. O libro, que conta cunha ampla Bibliograf\u00eda e un \u00a0\u00cdndice de Nombres, est\u00e1 divido en tres amplas partes. A primeira, baixo &hellip; <a href=\"https:\/\/cafebarbantia.barbantia.es\/?p=7439\" class=\"more-link\">Seguir lendo <span class=\"screen-reader-text\">El b\u00e1culo y la ballesta. Diego Gelm\u00edrez (1065-1140), de Ermelindo Portela<\/span> <span class=\"meta-nav\">&rarr;<\/span><\/a><\/p>\n","protected":false},"author":1,"featured_media":0,"comment_status":"open","ping_status":"closed","sticky":false,"template":"","format":"standard","meta":{"_bbp_topic_count":0,"_bbp_reply_count":0,"_bbp_total_topic_count":0,"_bbp_total_reply_count":0,"_bbp_voice_count":0,"_bbp_anonymous_reply_count":0,"_bbp_topic_count_hidden":0,"_bbp_reply_count_hidden":0,"_bbp_forum_subforum_count":0,"_exactmetrics_skip_tracking":false,"_exactmetrics_sitenote_active":false,"_exactmetrics_sitenote_note":"","_exactmetrics_sitenote_category":0,"_monsterinsights_skip_tracking":false,"_monsterinsights_sitenote_active":false,"_monsterinsights_sitenote_note":"","_monsterinsights_sitenote_category":0},"categories":[7,21],"tags":[],"aioseo_notices":[],"_links":{"self":[{"href":"https:\/\/cafebarbantia.barbantia.es\/index.php?rest_route=\/wp\/v2\/posts\/7439"}],"collection":[{"href":"https:\/\/cafebarbantia.barbantia.es\/index.php?rest_route=\/wp\/v2\/posts"}],"about":[{"href":"https:\/\/cafebarbantia.barbantia.es\/index.php?rest_route=\/wp\/v2\/types\/post"}],"author":[{"embeddable":true,"href":"https:\/\/cafebarbantia.barbantia.es\/index.php?rest_route=\/wp\/v2\/users\/1"}],"replies":[{"embeddable":true,"href":"https:\/\/cafebarbantia.barbantia.es\/index.php?rest_route=%2Fwp%2Fv2%2Fcomments&post=7439"}],"version-history":[{"count":4,"href":"https:\/\/cafebarbantia.barbantia.es\/index.php?rest_route=\/wp\/v2\/posts\/7439\/revisions"}],"predecessor-version":[{"id":7850,"href":"https:\/\/cafebarbantia.barbantia.es\/index.php?rest_route=\/wp\/v2\/posts\/7439\/revisions\/7850"}],"wp:attachment":[{"href":"https:\/\/cafebarbantia.barbantia.es\/index.php?rest_route=%2Fwp%2Fv2%2Fmedia&parent=7439"}],"wp:term":[{"taxonomy":"category","embeddable":true,"href":"https:\/\/cafebarbantia.barbantia.es\/index.php?rest_route=%2Fwp%2Fv2%2Fcategories&post=7439"},{"taxonomy":"post_tag","embeddable":true,"href":"https:\/\/cafebarbantia.barbantia.es\/index.php?rest_route=%2Fwp%2Fv2%2Ftags&post=7439"}],"curies":[{"name":"wp","href":"https:\/\/api.w.org\/{rel}","templated":true}]}}