{"id":7443,"date":"2017-05-26T06:00:39","date_gmt":"2017-05-26T06:00:39","guid":{"rendered":"http:\/\/cafebarbantia.barbantia.es\/?p=7443"},"modified":"2017-05-18T08:53:09","modified_gmt":"2017-05-18T08:53:09","slug":"a-inutilidade-do-g-20","status":"publish","type":"post","link":"https:\/\/cafebarbantia.barbantia.es\/?p=7443","title":{"rendered":"A inutilidade do G-20"},"content":{"rendered":"<p style=\"text-align: justify;\"><em><strong><a href=\"http:\/\/cafebarbantia.barbantia.es\/wp-content\/uploads\/2017\/04\/simpsons-644x362-ksBC-620x349@abc.jpg\"><img decoding=\"async\" loading=\"lazy\" class=\"alignleft size-medium wp-image-7444\" alt=\"simpsons--644x362-ksBC--620x349@abc\" src=\"http:\/\/cafebarbantia.barbantia.es\/wp-content\/uploads\/2017\/04\/simpsons-644x362-ksBC-620x349@abc-300x167.jpg\" width=\"300\" height=\"167\" srcset=\"https:\/\/cafebarbantia.barbantia.es\/wp-content\/uploads\/2017\/04\/simpsons-644x362-ksBC-620x349@abc-300x167.jpg 300w, https:\/\/cafebarbantia.barbantia.es\/wp-content\/uploads\/2017\/04\/simpsons-644x362-ksBC-620x349@abc.jpg 620w\" sizes=\"(max-width: 300px) 100vw, 300px\" \/><\/a>Francisco Ant. Vidal Blanco.\u00a0<\/strong><\/em>Vinte contra un e ganou o un por goleada. Nada de cambio clim\u00e1tico e toda a protecci\u00f3n para as s\u00faas empresas. Igual ca con aquel amigo da nosa infancia, que por ser dono do bal\u00f3n escoll\u00eda xogadores, era o adestra-dor de propios e contrarios e o \u00fanico \u00e1rbitro con decisi\u00f3ns inapelables, o se\u00f1or Trump imp\u00f3n as s\u00faas regras e todos se axeonllan.<!--more--> A pasada reuni\u00f3n do G-20 foi todo un atraso nas pretensi\u00f3ns que din ter, de mellorar a habitabilidade do planeta.<\/p>\n<div id=\"ad-RobaMobile\" itemscope=\"\" itemtype=\"http:\/\/schema.org\/WPAdBlock\" style=\"text-align: justify;\" data-url=\"\/4900\/webm.EXT.LAVOZDEGALICIA\/edicion\/\/barbanza\" data-mapping=\"ROBAMOBILE\" data-sizes=\"[[300,250],[300,300],[350, 300],[300,600],[350, 600]]\" data-param=\"pos\" data-targeting=\"robapaginas\"><\/div>\n<p style=\"text-align: justify;\">Estaban falando os amigos do parladoiro desa xuntanza dos pa\u00edses ricos, e polo que eles dic\u00edan volv\u00edn a ter a sensaci\u00f3n de que o pa\u00eds que vai por a\u00ed enarborando a bandeira da democracia \u00e9 o m\u00e1is ditador do mundo, obrigando a todos a acatar os seus ditames. Don Donald decide quen xoga e quen non, a quen lle hai que dar unhas labazadas e a quen se relega a simple observador. Como el di, o seu \u00e9 o primeiro, e non est\u00e1 mal, desde o punto de vista dos seus. Quen nos dera a n\u00f3s que os nosos tivesen ese poder de convicci\u00f3n e esa decisi\u00f3n \u00e1 hora de defendernos, pero o caso \u00e9 que os nosos calan, p\u00e1sanlle a man polo lombo para que lles deixe darlle unhas patadi\u00f1as \u00f3 bal\u00f3n que porta debaixo do brazo e xustifican os seus caprichos de neno consentido con aquilo de que a\u00ednda puido ser peor.<\/p>\n<p style=\"text-align: justify;\">Os amigos do parladoiro falaban de todo isto e a mi\u00f1a mente estaba no meu barrio, onde os negocios pechados e co letreiro de \u00abTrasp\u00e1sase\u00bb, \u00abV\u00e9ndese\u00bb\u201d ou \u00abAl\u00fagase\u00bb foron reconvertidos en ni\u00f1os de ratas, mentres nos arrabaldes da cidade medran os grandes almac\u00e9ns rexidos por multinacionais onde, ata o barbeiro do baixo do meu edificio foi mercar os mobles de do it yourself (as\u00ed, en imperativo) cando tivo que renovar o mobiliario herdado de seu pai. E a todo isto, a mobler\u00eda da esquina, con trinta carpinteiros que hoxe agardan a s\u00faa oportunidade nas portas do INEM, capaz de dese\u00f1arche unha habitaci\u00f3n en vinte minutos e amoblarcha antes dun mes, reciclouse en tenda de mesas de pl\u00e1stico, atendida por dous rapaces que estudaron toda unha carreira de empresariais. E n\u00f3s baixando a orella mentres don Donald proclama con descaro e sen respecto polos demais \u00abAm\u00e9rica primeiro\u00bb.<\/p>\n<p style=\"text-align: justify;\">Pensabamos que os acordos acadados con anterioridade (hai tan s\u00f3 dous anos) eran de obrigado cumprimento, pero non. O papel \u00e9 o material m\u00e1is vulnerable de cantos inventou a humanidade. Quedou claro, para quen non o ti\u00f1a xa, que antes que as persoas est\u00e1 a riqueza, e as decisi\u00f3ns que nos afectan non as dita Rajoy, Merkel ou calquera outro europeo, sen\u00f3n o inquilino da Casa Branca.<\/p>\n<div id=\"ad-Roba2DetalleMobile\" itemscope=\"\" itemtype=\"http:\/\/schema.org\/WPAdBlock\" style=\"text-align: justify;\" data-url=\"\/2260323\/Roba_2_detalle_mobile\" data-mapping=\"ROBAMOBILE\" data-sizes=\"[[300,250],[300,300],[350, 300],[300,600],[350, 600]]\" data-param=\"seccion\" data-targeting=\"\"><\/div>\n<p style=\"text-align: justify;\">Por iso Xulio, sempre tan rari\u00f1o, trouxo un impreso preparado no seu ordenador solicit\u00e1ndonos a sinatura para pedir que nos permitan votar nas elecci\u00f3ns americanas. Non sei que tal percorrido ter\u00e1 a tal proposta, o texto que el argallou dic\u00eda algo as\u00ed como que, en vista de que a opini\u00f3n dos cidad\u00e1ns europeos non ten valor diante dos decretos, leis e ordes emanadas de Washington, os asinantes piden que non se volvan a malgastar os di\u00f1eiros p\u00fablicos en procesos electorais a nivel rexional, estatal ou continental, e que se nos permita votar en USA, onde realmente o noso voto pode servir para algo, antes de que o se\u00f1or Trump se erdoganice.<\/p>\n<p style=\"text-align: justify;\">De momento xa hai recollidas cincuenta sinaturas. A mi\u00f1a entre elas<\/p>\n","protected":false},"excerpt":{"rendered":"<p>Francisco Ant. Vidal Blanco.\u00a0Vinte contra un e ganou o un por goleada. Nada de cambio clim\u00e1tico e toda a protecci\u00f3n para as s\u00faas empresas. Igual ca con aquel amigo da nosa infancia, que por ser dono do bal\u00f3n escoll\u00eda xogadores, era o adestra-dor de propios e contrarios e o \u00fanico \u00e1rbitro con decisi\u00f3ns inapelables, o &hellip; <a href=\"https:\/\/cafebarbantia.barbantia.es\/?p=7443\" class=\"more-link\">Seguir lendo <span class=\"screen-reader-text\">A inutilidade do G-20<\/span> <span class=\"meta-nav\">&rarr;<\/span><\/a><\/p>\n","protected":false},"author":1,"featured_media":0,"comment_status":"open","ping_status":"closed","sticky":false,"template":"","format":"standard","meta":{"_bbp_topic_count":0,"_bbp_reply_count":0,"_bbp_total_topic_count":0,"_bbp_total_reply_count":0,"_bbp_voice_count":0,"_bbp_anonymous_reply_count":0,"_bbp_topic_count_hidden":0,"_bbp_reply_count_hidden":0,"_bbp_forum_subforum_count":0,"_exactmetrics_skip_tracking":false,"_exactmetrics_sitenote_active":false,"_exactmetrics_sitenote_note":"","_exactmetrics_sitenote_category":0,"_monsterinsights_skip_tracking":false,"_monsterinsights_sitenote_active":false,"_monsterinsights_sitenote_note":"","_monsterinsights_sitenote_category":0},"categories":[7,52,9],"tags":[],"aioseo_notices":[],"_links":{"self":[{"href":"https:\/\/cafebarbantia.barbantia.es\/index.php?rest_route=\/wp\/v2\/posts\/7443"}],"collection":[{"href":"https:\/\/cafebarbantia.barbantia.es\/index.php?rest_route=\/wp\/v2\/posts"}],"about":[{"href":"https:\/\/cafebarbantia.barbantia.es\/index.php?rest_route=\/wp\/v2\/types\/post"}],"author":[{"embeddable":true,"href":"https:\/\/cafebarbantia.barbantia.es\/index.php?rest_route=\/wp\/v2\/users\/1"}],"replies":[{"embeddable":true,"href":"https:\/\/cafebarbantia.barbantia.es\/index.php?rest_route=%2Fwp%2Fv2%2Fcomments&post=7443"}],"version-history":[{"count":1,"href":"https:\/\/cafebarbantia.barbantia.es\/index.php?rest_route=\/wp\/v2\/posts\/7443\/revisions"}],"predecessor-version":[{"id":7445,"href":"https:\/\/cafebarbantia.barbantia.es\/index.php?rest_route=\/wp\/v2\/posts\/7443\/revisions\/7445"}],"wp:attachment":[{"href":"https:\/\/cafebarbantia.barbantia.es\/index.php?rest_route=%2Fwp%2Fv2%2Fmedia&parent=7443"}],"wp:term":[{"taxonomy":"category","embeddable":true,"href":"https:\/\/cafebarbantia.barbantia.es\/index.php?rest_route=%2Fwp%2Fv2%2Fcategories&post=7443"},{"taxonomy":"post_tag","embeddable":true,"href":"https:\/\/cafebarbantia.barbantia.es\/index.php?rest_route=%2Fwp%2Fv2%2Ftags&post=7443"}],"curies":[{"name":"wp","href":"https:\/\/api.w.org\/{rel}","templated":true}]}}