{"id":7535,"date":"2017-06-04T06:00:40","date_gmt":"2017-06-04T06:00:40","guid":{"rendered":"http:\/\/cafebarbantia.barbantia.es\/?p=7535"},"modified":"2017-05-30T08:14:11","modified_gmt":"2017-05-30T08:14:11","slug":"cancions-de-nenos","status":"publish","type":"post","link":"https:\/\/cafebarbantia.barbantia.es\/?p=7535","title":{"rendered":"Canci\u00f3ns de nenos"},"content":{"rendered":"<p lang=\"gl-ES\" align=\"justify\"><span><em><strong><a href=\"http:\/\/cafebarbantia.barbantia.es\/wp-content\/uploads\/2017\/05\/memoria-infantil-3.jpg\"><img decoding=\"async\" loading=\"lazy\" class=\"alignright size-full wp-image-7536\" alt=\"memoria-infantil-3\" src=\"http:\/\/cafebarbantia.barbantia.es\/wp-content\/uploads\/2017\/05\/memoria-infantil-3.jpg\" width=\"204\" height=\"246\" \/><\/a>X. Ricardo Losada.\u00a0<\/strong><\/em>Poucas cousas me sorprenden m\u00e1is que a memoria. Leva ducias de anos comigo e non lle collo o punto. Que criterios utiliza para recordar unhas cousas e esquecer outras \u00e9 para min un misterio. Por que non recordo, por exemplo, o meu primeiro d\u00eda de colexio e si a primeira vez que o\u00edn a palabra <\/span><span><i>call\u00e1n<\/i><\/span><span>, unha palabra que lembro con frecuencia, a pesar de que hai anos que non a utilizo nin a escoito dicir. Te\u00f1o ducias de recordos dese tipo, pero un dos que m\u00e1is me sorprende, e ao que lle te\u00f1o un cari\u00f1o especial polas escasas expectativas de vida que a l\u00f3xica lle daba, \u00e9 esta especie de copla que recitabamos na cuadrilla da mi\u00f1a nenez: \u201cSilencio en la sala que llega Kubala con una chavala\u201d. <!--more-->\u00c9 o\u00edr a palabra silencio, e recordala. \u00c9 o\u00edr a palabra Kubala, e recordala. \u00c9 o\u00edr a palabra chavala, e recordala. Pero non s\u00f3 iso. \u00c9 unha expresi\u00f3n que volve a min con moita frecuencia sen que haxa ningunha circunstancia que o explique. <\/span><\/p>\n<p lang=\"gl-ES\" align=\"justify\"><span>Pasoume hai pouco lendo un fermoso poema de Manuel Antonio titulado <\/span><span><i>Canci\u00f3ns de nenos. <\/i><\/span><span>Comeza as\u00ed: \u201cXa non sei cantar canci\u00f3ns de nenos \/ -Cantan os nenos na eira \/ os seus poemas pequenos-\/ <\/span><span><i>Vicente do dente&#8230;\/ Mi\u00f1oto calzudo..\/ Manolo carolo&#8230;\u201d. <\/i><\/span><span>Pois xa non puiden lelo sen a banda sonora de \u201cSilencio en la sala que llega Kubala con una chavala\u201d. Tendo en conta que Manuel Antonio defend\u00eda o monoling\u00fcismo en galego, por que carallo recordaba esa parvada en castel\u00e1n e non algunha das coplas galegas que cantaba mi\u00f1a avoa? Tendo en conta que Manuel Antonio era un poeta vangardista, por que recordaba semellante ripio e non un daqueles trabalinguas escolares que tanto me gustaban? Tendo en conta que Manuel Antonio era independentista e ansiaba unha Rep\u00fablica Galega, por que recordaba un xogador h\u00fangaro que adestrara a selecci\u00f3n espa\u00f1ola de f\u00fatbol e non, po\u00f1o por caso, un l\u00edder irmandi\u00f1o? <\/span><\/p>\n<p lang=\"gl-ES\" align=\"justify\"><span><a href=\"http:\/\/cafebarbantia.barbantia.es\/wp-content\/uploads\/2017\/05\/memoria-2.jpg\"><img decoding=\"async\" loading=\"lazy\" class=\"alignleft size-full wp-image-7537\" alt=\"memoria 2\" src=\"http:\/\/cafebarbantia.barbantia.es\/wp-content\/uploads\/2017\/05\/memoria-2.jpg\" width=\"264\" height=\"191\" \/><\/a>Xa digo, non sei por que suceden cousas tan estra\u00f1as na mi\u00f1a mente. Nin creo que chegue a sabelo nunca. Pero <\/span><span>\u00e1s<\/span><span> veces, cando me suceden cousas as\u00ed, recordo a distinci\u00f3n que fixo un vello fil\u00f3sofo dan\u00e9s entre <\/span><span><i>o recordo, <\/i><\/span><span>que mira cara atr\u00e1s<\/span><span><i>, <\/i><\/span><span>e <\/span><span><i>a repetici\u00f3n, <\/i><\/span><span>que mira cara adiante. O primeir<\/span><span>o<\/span><span> d\u00eda de clase ou o d\u00eda da primeira comu\u00f1\u00f3n son recordos porque, ao fin e ao cabo, a\u00ednda que sucederon na infancia, son acontecementos adultos. Aquelas coplas e refr\u00e1ns e trabalinguas non son recordos, son repetici\u00f3ns, porque si son acontecementos infant\u00eds. Lendo o poema de Manuel Antonio, gustoume pensar que aquel home que levaba tantos anos loitando sen \u00e9xito polos seus so\u00f1os, con moitas decepci\u00f3ns persoais e pol\u00edticas, necesitaba volverse cara <\/span><span>a<\/span><span>o pasado, non para recordalo, sen\u00f3n para repetilo. Como el mesmo di nos \u00faltimos versos dese poema: \u201c-Porque as canci\u00f3ns dos nenos \/ nunca envellecen-\u201c. Explica iso por que eu recordei <\/span><span><i>Silencio en la sala que llega Kubala<\/i><\/span><span> cando lin ese poema? Non. Non o explica. Se o explicase, envellecer\u00eda. E as canci\u00f3ns dos nenos nunca envellecen. \u00a0<\/span><\/p>\n","protected":false},"excerpt":{"rendered":"<p>X. Ricardo Losada.\u00a0Poucas cousas me sorprenden m\u00e1is que a memoria. Leva ducias de anos comigo e non lle collo o punto. Que criterios utiliza para recordar unhas cousas e esquecer outras \u00e9 para min un misterio. Por que non recordo, por exemplo, o meu primeiro d\u00eda de colexio e si a primeira vez que o\u00edn &hellip; <a href=\"https:\/\/cafebarbantia.barbantia.es\/?p=7535\" class=\"more-link\">Seguir lendo <span class=\"screen-reader-text\">Canci\u00f3ns de nenos<\/span> <span class=\"meta-nav\">&rarr;<\/span><\/a><\/p>\n","protected":false},"author":1,"featured_media":0,"comment_status":"open","ping_status":"closed","sticky":false,"template":"","format":"standard","meta":{"_bbp_topic_count":0,"_bbp_reply_count":0,"_bbp_total_topic_count":0,"_bbp_total_reply_count":0,"_bbp_voice_count":0,"_bbp_anonymous_reply_count":0,"_bbp_topic_count_hidden":0,"_bbp_reply_count_hidden":0,"_bbp_forum_subforum_count":0,"_exactmetrics_skip_tracking":false,"_exactmetrics_sitenote_active":false,"_exactmetrics_sitenote_note":"","_exactmetrics_sitenote_category":0,"_monsterinsights_skip_tracking":false,"_monsterinsights_sitenote_active":false,"_monsterinsights_sitenote_note":"","_monsterinsights_sitenote_category":0},"categories":[7,9,26],"tags":[],"aioseo_notices":[],"_links":{"self":[{"href":"https:\/\/cafebarbantia.barbantia.es\/index.php?rest_route=\/wp\/v2\/posts\/7535"}],"collection":[{"href":"https:\/\/cafebarbantia.barbantia.es\/index.php?rest_route=\/wp\/v2\/posts"}],"about":[{"href":"https:\/\/cafebarbantia.barbantia.es\/index.php?rest_route=\/wp\/v2\/types\/post"}],"author":[{"embeddable":true,"href":"https:\/\/cafebarbantia.barbantia.es\/index.php?rest_route=\/wp\/v2\/users\/1"}],"replies":[{"embeddable":true,"href":"https:\/\/cafebarbantia.barbantia.es\/index.php?rest_route=%2Fwp%2Fv2%2Fcomments&post=7535"}],"version-history":[{"count":1,"href":"https:\/\/cafebarbantia.barbantia.es\/index.php?rest_route=\/wp\/v2\/posts\/7535\/revisions"}],"predecessor-version":[{"id":7538,"href":"https:\/\/cafebarbantia.barbantia.es\/index.php?rest_route=\/wp\/v2\/posts\/7535\/revisions\/7538"}],"wp:attachment":[{"href":"https:\/\/cafebarbantia.barbantia.es\/index.php?rest_route=%2Fwp%2Fv2%2Fmedia&parent=7535"}],"wp:term":[{"taxonomy":"category","embeddable":true,"href":"https:\/\/cafebarbantia.barbantia.es\/index.php?rest_route=%2Fwp%2Fv2%2Fcategories&post=7535"},{"taxonomy":"post_tag","embeddable":true,"href":"https:\/\/cafebarbantia.barbantia.es\/index.php?rest_route=%2Fwp%2Fv2%2Ftags&post=7535"}],"curies":[{"name":"wp","href":"https:\/\/api.w.org\/{rel}","templated":true}]}}