{"id":7737,"date":"2017-07-29T06:00:03","date_gmt":"2017-07-29T06:00:03","guid":{"rendered":"http:\/\/cafebarbantia.barbantia.es\/?p=7737"},"modified":"2017-07-25T12:45:30","modified_gmt":"2017-07-25T12:45:30","slug":"o-historiador-de-palmeira","status":"publish","type":"post","link":"https:\/\/cafebarbantia.barbantia.es\/?p=7737","title":{"rendered":"O historiador de Palmeira"},"content":{"rendered":"<p style=\"text-align: justify;\"><em><strong><a href=\"http:\/\/cafebarbantia.barbantia.es\/wp-content\/uploads\/2017\/06\/Jose\u0301_A\u0301lvarez_Castrelo.jpg\"><img decoding=\"async\" loading=\"lazy\" class=\"size-medium wp-image-7813 alignleft\" alt=\"Jose\u0301_A\u0301lvarez_Castrelo\" src=\"http:\/\/cafebarbantia.barbantia.es\/wp-content\/uploads\/2017\/06\/Jose\u0301_A\u0301lvarez_Castrelo-248x300.jpg\" width=\"248\" height=\"300\" srcset=\"https:\/\/cafebarbantia.barbantia.es\/wp-content\/uploads\/2017\/06\/Jose\u0301_A\u0301lvarez_Castrelo-248x300.jpg 248w, https:\/\/cafebarbantia.barbantia.es\/wp-content\/uploads\/2017\/06\/Jose\u0301_A\u0301lvarez_Castrelo-847x1024.jpg 847w, https:\/\/cafebarbantia.barbantia.es\/wp-content\/uploads\/2017\/06\/Jose\u0301_A\u0301lvarez_Castrelo-900x1087.jpg 900w, https:\/\/cafebarbantia.barbantia.es\/wp-content\/uploads\/2017\/06\/Jose\u0301_A\u0301lvarez_Castrelo.jpg 1028w\" sizes=\"(max-width: 248px) 100vw, 248px\" \/><\/a>Pastor Rodr\u00edguez.\u00a0<\/strong><\/em>Licenciado en Historia, Xos\u00e9 \u00c1lvarez Castrelo naceu en Palmeira en 1958. No ano 1985 publicou un rigoroso traballo de investigaci\u00f3n co t\u00edtulo\u00a0<em>S\u00edntesis hist\u00f3rica de Palmeira<\/em>, obra dividida en tres partes: a primeira est\u00e1 dedicada ao s\u00e9culo XVII, a segunda ao s\u00e9culo XVIII e a terceira \u00e1 primeira metade do s\u00e9culo XIX. Neste libro estuda a sociedade, a econom\u00eda e a demograf\u00eda de Palmeira, pero tam\u00e9n a vida coti\u00e1 e o mundo espiritual desta parroquia de Ribeira; engade, ademais, a relaci\u00f3n de homes ao servizo da Real Armada e a hidrotoponimia da fregues\u00eda. <!--more-->\u00c9 autor tam\u00e9n doutros traballos dedicados \u00e1 s\u00faa vila natal, como\u00a0<em>O azoute de viruelas de 1876<\/em>\u00a0(2010),\u00a0<em>O cami\u00f1o de Insuela en Palmeira<\/em>\u00a0(2011) ou\u00a0<em>Palmeira no 1929<\/em>\u00a0(1984). No 2011 apareceu outro volume monumental da s\u00faa autor\u00eda,\u00a0<em>Nacer, crecer, vivir e morrer en Palmeira<\/em>\u00a0(1500-2000), dedicado ao estudo xeneal\u00f3xico das xentes da s\u00faa vila, dende o Renacemento ata o final do s\u00e9culo XX. Ademais ten colaborado en revistas do Barbanza como\u00a0<em>O Imo<\/em>\u00a0ou\u00a0<em>A Caramecha<\/em>, e tam\u00e9n en volumes colectivos como\u00a0<em>Os vellos cami\u00f1os do Barbanza<\/em>\u00a0(2011).<\/p>\n<div id=\"ad_RobaPaginasMobileTEXTO_DETALLE\" itemscope=\"\" itemtype=\"https:\/\/schema.org\/WPAdBlock\" data-url=\"\/4900\/webm.EXT.LAVOZDEGALICIA\/ribeira\" data-mapping=\"ROBAMOBILE\" data-sizes=\"[[300,250],[300,300],[350, 300],[300,600],[350, 600]]\" data-param=\"pos\" data-format=\"mobile\" data-targeting=\"robapaginas\"><\/div>\n<p>&nbsp;<\/p>\n<p>&nbsp;<\/p>\n","protected":false},"excerpt":{"rendered":"<p>Pastor Rodr\u00edguez.\u00a0Licenciado en Historia, Xos\u00e9 \u00c1lvarez Castrelo naceu en Palmeira en 1958. No ano 1985 publicou un rigoroso traballo de investigaci\u00f3n co t\u00edtulo\u00a0S\u00edntesis hist\u00f3rica de Palmeira, obra dividida en tres partes: a primeira est\u00e1 dedicada ao s\u00e9culo XVII, a segunda ao s\u00e9culo XVIII e a terceira \u00e1 primeira metade do s\u00e9culo XIX. Neste libro estuda &hellip; <a href=\"https:\/\/cafebarbantia.barbantia.es\/?p=7737\" class=\"more-link\">Seguir lendo <span class=\"screen-reader-text\">O historiador de Palmeira<\/span> <span class=\"meta-nav\">&rarr;<\/span><\/a><\/p>\n","protected":false},"author":1,"featured_media":0,"comment_status":"open","ping_status":"closed","sticky":false,"template":"","format":"standard","meta":{"_bbp_topic_count":0,"_bbp_reply_count":0,"_bbp_total_topic_count":0,"_bbp_total_reply_count":0,"_bbp_voice_count":0,"_bbp_anonymous_reply_count":0,"_bbp_topic_count_hidden":0,"_bbp_reply_count_hidden":0,"_bbp_forum_subforum_count":0,"_exactmetrics_skip_tracking":false,"_exactmetrics_sitenote_active":false,"_exactmetrics_sitenote_note":"","_exactmetrics_sitenote_category":0,"_monsterinsights_skip_tracking":false,"_monsterinsights_sitenote_active":false,"_monsterinsights_sitenote_note":"","_monsterinsights_sitenote_category":0},"categories":[7,37],"tags":[],"aioseo_notices":[],"_links":{"self":[{"href":"https:\/\/cafebarbantia.barbantia.es\/index.php?rest_route=\/wp\/v2\/posts\/7737"}],"collection":[{"href":"https:\/\/cafebarbantia.barbantia.es\/index.php?rest_route=\/wp\/v2\/posts"}],"about":[{"href":"https:\/\/cafebarbantia.barbantia.es\/index.php?rest_route=\/wp\/v2\/types\/post"}],"author":[{"embeddable":true,"href":"https:\/\/cafebarbantia.barbantia.es\/index.php?rest_route=\/wp\/v2\/users\/1"}],"replies":[{"embeddable":true,"href":"https:\/\/cafebarbantia.barbantia.es\/index.php?rest_route=%2Fwp%2Fv2%2Fcomments&post=7737"}],"version-history":[{"count":3,"href":"https:\/\/cafebarbantia.barbantia.es\/index.php?rest_route=\/wp\/v2\/posts\/7737\/revisions"}],"predecessor-version":[{"id":7821,"href":"https:\/\/cafebarbantia.barbantia.es\/index.php?rest_route=\/wp\/v2\/posts\/7737\/revisions\/7821"}],"wp:attachment":[{"href":"https:\/\/cafebarbantia.barbantia.es\/index.php?rest_route=%2Fwp%2Fv2%2Fmedia&parent=7737"}],"wp:term":[{"taxonomy":"category","embeddable":true,"href":"https:\/\/cafebarbantia.barbantia.es\/index.php?rest_route=%2Fwp%2Fv2%2Fcategories&post=7737"},{"taxonomy":"post_tag","embeddable":true,"href":"https:\/\/cafebarbantia.barbantia.es\/index.php?rest_route=%2Fwp%2Fv2%2Ftags&post=7737"}],"curies":[{"name":"wp","href":"https:\/\/api.w.org\/{rel}","templated":true}]}}