{"id":7815,"date":"2017-07-27T06:00:03","date_gmt":"2017-07-27T06:00:03","guid":{"rendered":"http:\/\/cafebarbantia.barbantia.es\/?p=7815"},"modified":"2017-07-27T10:24:34","modified_gmt":"2017-07-27T10:24:34","slug":"incredulidade-ou-ficticia-realidade","status":"publish","type":"post","link":"https:\/\/cafebarbantia.barbantia.es\/?p=7815","title":{"rendered":"Incredulidade ou ficticia realidade?"},"content":{"rendered":"<p style=\"text-align: justify;\"><a href=\"http:\/\/cafebarbantia.barbantia.es\/wp-content\/uploads\/2017\/07\/hombra-a-caballo-acuarela.png\"><img decoding=\"async\" loading=\"lazy\" class=\"size-medium wp-image-7816 alignleft\" alt=\"hombra-a-caballo-acuarela\" src=\"http:\/\/cafebarbantia.barbantia.es\/wp-content\/uploads\/2017\/07\/hombra-a-caballo-acuarela-236x300.png\" width=\"236\" height=\"300\" srcset=\"https:\/\/cafebarbantia.barbantia.es\/wp-content\/uploads\/2017\/07\/hombra-a-caballo-acuarela-236x300.png 236w, https:\/\/cafebarbantia.barbantia.es\/wp-content\/uploads\/2017\/07\/hombra-a-caballo-acuarela.png 381w\" sizes=\"(max-width: 236px) 100vw, 236px\" \/><\/a><em><strong>Xos\u00e9 Manuel Lobato.\u00a0<\/strong><\/em>Sempre \u00e9 agradable regresar a lecturas que permanecen na ancestral memoria a longo prazo. Os recordos da obra de Carlos Casares, homenaxeado neste 2017 polas letras de noso, non permite entrar no limbo do esquecemento a este autor, por iso volv\u00edn a reler parte do seu inmortal traballo.\u00a0Impacto e sorpresa de dimensi\u00f3ns extraordinarias cando releo o artigo publicado o seis de agosto de 1995, intitulado; <i>Entre a bondade e a xustiza.\u00a0<\/i>Neste fermoso texto; Casares relata o facer dun estra\u00f1o persoeiro nas feiras de Xinzo que se celebraban os d\u00edas 14 e 27 de cada mes. O vate limiao expres\u00e1base nos seguintes termos:<!--more--><\/p>\n<p style=\"text-align: justify;\"><i>\u00c1s feiras da mi\u00f1a vila,&#8230; vi\u00f1a sempre un se\u00f1or alto e groso, con pinta de home bravo, que chegaba nun fermoso cabalo negro de gran alzada. Entraba pola vila a paso de andadura coa cabeza erguida, o sombreiro posto e un enorme xaruto fumegando na boca. Despois v\u00edase&#8230;<\/i><\/p>\n<p style=\"text-align: justify;\">Casualidade ou paradoxal, mais nas mi\u00f1as lembranzas da nenez percibo nitidamente aquelas feiras de Lestedo, citas mensuais para os 13 e 26 de cada mes. Sorprendente e ins\u00f3lito \u00e9 ese persoeiro que menciona no seu artigo Casares, paradoxal casualidade, pois nesas feiras da mi\u00f1a infancia tam\u00e9n era habitual un home que non deixaba indiferente a ningu\u00e9n.<\/p>\n<p style=\"text-align: justify;\">O aludido chegaba dacabalo de branco percher\u00f3n, unha estampa de elegancia impresionante, vestiario, montura e recendo eran un convite \u00e1 admiraci\u00f3n de todos os presentes.<\/p>\n<p style=\"text-align: justify;\">Ante a d\u00fabida que provocou na mi\u00f1a ca\u00f3tica memoria tan significativa coincidencia, cheguei a vincular ambos persoeiros nunha mesma persoa, esa que feireaba sen abandonar xamais a s\u00faa montura ata que abandonaba o campo feiral en direcci\u00f3n o cumio do Pico Sacro.<\/p>\n<p style=\"text-align: justify;\"><a href=\"http:\/\/cafebarbantia.barbantia.es\/wp-content\/uploads\/2017\/07\/botero2.jpg\"><img decoding=\"async\" loading=\"lazy\" class=\"size-medium wp-image-7817 alignright\" alt=\"botero2\" src=\"http:\/\/cafebarbantia.barbantia.es\/wp-content\/uploads\/2017\/07\/botero2-300x241.jpg\" width=\"300\" height=\"241\" srcset=\"https:\/\/cafebarbantia.barbantia.es\/wp-content\/uploads\/2017\/07\/botero2-300x241.jpg 300w, https:\/\/cafebarbantia.barbantia.es\/wp-content\/uploads\/2017\/07\/botero2.jpg 709w\" sizes=\"(max-width: 300px) 100vw, 300px\" \/><\/a>Todos os contempor\u00e1neos da \u00e9poca co\u00f1ec\u00edan os h\u00e1bitos da dual parella, espertaban admiraci\u00f3n, no cumio do encantado monte provocaban a d\u00fao posiblemente os sons do medievo, aturuxar brincando no ecoar e relincho para o pincho.<\/p>\n<p style=\"text-align: justify;\">Por\u00e9n a odisea de ambos os dous non remataba na interpretaci\u00f3n sonora, o xinete descabalgaba e, coa s\u00faa brillante espada, bat\u00eda con ardor sobre a parte m\u00e1is elevada do Pico Sacro mentres o cabalo escaravellaba.<\/p>\n<p style=\"text-align: justify;\">Ritual ou non, ambos os dous coma un s\u00f3 ente sobrevoaban nunha aperta o cumio e, abandonaban o monte direcci\u00f3n sur, tantas coincidencias espertan en min a hip\u00f3tese de que ese misterioso persoeiro era o mesmo que chegaba cada 14 e 27 as feiras de Xinzo. A\u00ednda que o do cabalo non ten moita explicaci\u00f3n, ou quizais \u00e9 clarificador a nota de cor,\u00a0branco en Lestedo e negro en Xinzo.<\/p>\n","protected":false},"excerpt":{"rendered":"<p>Xos\u00e9 Manuel Lobato.\u00a0Sempre \u00e9 agradable regresar a lecturas que permanecen na ancestral memoria a longo prazo. Os recordos da obra de Carlos Casares, homenaxeado neste 2017 polas letras de noso, non permite entrar no limbo do esquecemento a este autor, por iso volv\u00edn a reler parte do seu inmortal traballo.\u00a0Impacto e sorpresa de dimensi\u00f3ns extraordinarias &hellip; <a href=\"https:\/\/cafebarbantia.barbantia.es\/?p=7815\" class=\"more-link\">Seguir lendo <span class=\"screen-reader-text\">Incredulidade ou ficticia realidade?<\/span> <span class=\"meta-nav\">&rarr;<\/span><\/a><\/p>\n","protected":false},"author":1,"featured_media":0,"comment_status":"open","ping_status":"closed","sticky":false,"template":"","format":"standard","meta":{"_bbp_topic_count":0,"_bbp_reply_count":0,"_bbp_total_topic_count":0,"_bbp_total_reply_count":0,"_bbp_voice_count":0,"_bbp_anonymous_reply_count":0,"_bbp_topic_count_hidden":0,"_bbp_reply_count_hidden":0,"_bbp_forum_subforum_count":0,"_exactmetrics_skip_tracking":false,"_exactmetrics_sitenote_active":false,"_exactmetrics_sitenote_note":"","_exactmetrics_sitenote_category":0,"_monsterinsights_skip_tracking":false,"_monsterinsights_sitenote_active":false,"_monsterinsights_sitenote_note":"","_monsterinsights_sitenote_category":0},"categories":[7,9,44],"tags":[],"aioseo_notices":[],"_links":{"self":[{"href":"https:\/\/cafebarbantia.barbantia.es\/index.php?rest_route=\/wp\/v2\/posts\/7815"}],"collection":[{"href":"https:\/\/cafebarbantia.barbantia.es\/index.php?rest_route=\/wp\/v2\/posts"}],"about":[{"href":"https:\/\/cafebarbantia.barbantia.es\/index.php?rest_route=\/wp\/v2\/types\/post"}],"author":[{"embeddable":true,"href":"https:\/\/cafebarbantia.barbantia.es\/index.php?rest_route=\/wp\/v2\/users\/1"}],"replies":[{"embeddable":true,"href":"https:\/\/cafebarbantia.barbantia.es\/index.php?rest_route=%2Fwp%2Fv2%2Fcomments&post=7815"}],"version-history":[{"count":3,"href":"https:\/\/cafebarbantia.barbantia.es\/index.php?rest_route=\/wp\/v2\/posts\/7815\/revisions"}],"predecessor-version":[{"id":7842,"href":"https:\/\/cafebarbantia.barbantia.es\/index.php?rest_route=\/wp\/v2\/posts\/7815\/revisions\/7842"}],"wp:attachment":[{"href":"https:\/\/cafebarbantia.barbantia.es\/index.php?rest_route=%2Fwp%2Fv2%2Fmedia&parent=7815"}],"wp:term":[{"taxonomy":"category","embeddable":true,"href":"https:\/\/cafebarbantia.barbantia.es\/index.php?rest_route=%2Fwp%2Fv2%2Fcategories&post=7815"},{"taxonomy":"post_tag","embeddable":true,"href":"https:\/\/cafebarbantia.barbantia.es\/index.php?rest_route=%2Fwp%2Fv2%2Ftags&post=7815"}],"curies":[{"name":"wp","href":"https:\/\/api.w.org\/{rel}","templated":true}]}}