{"id":8116,"date":"2017-09-14T06:00:21","date_gmt":"2017-09-14T06:00:21","guid":{"rendered":"http:\/\/cafebarbantia.barbantia.es\/?p=8116"},"modified":"2017-09-09T08:31:54","modified_gmt":"2017-09-09T08:31:54","slug":"mark-zuckemberg-omnipotente","status":"publish","type":"post","link":"https:\/\/cafebarbantia.barbantia.es\/?p=8116","title":{"rendered":"Mark Zuckemberg omnipotente"},"content":{"rendered":"<p style=\"text-align: justify;\"><a href=\"http:\/\/cafebarbantia.barbantia.es\/wp-content\/uploads\/2017\/09\/Mala-postura.jpg\"><img decoding=\"async\" loading=\"lazy\" class=\"alignright size-medium wp-image-8117\" alt=\"Mala-postura\" src=\"http:\/\/cafebarbantia.barbantia.es\/wp-content\/uploads\/2017\/09\/Mala-postura-300x205.jpg\" width=\"300\" height=\"205\" srcset=\"https:\/\/cafebarbantia.barbantia.es\/wp-content\/uploads\/2017\/09\/Mala-postura-300x205.jpg 300w, https:\/\/cafebarbantia.barbantia.es\/wp-content\/uploads\/2017\/09\/Mala-postura.jpg 550w\" sizes=\"(max-width: 300px) 100vw, 300px\" \/><\/a><em><strong>X. Ricardo Losada.\u00a0<\/strong><\/em>Imaxina que un d\u00eda espertas e, sen ti sabelo, un Ser omnipotente reduciu as t\u00faas dimensi\u00f3ns corporais \u00e1 cuarta parte. Dar\u00edaste conta do cambio se o resto de obxectos e persoas que hai ao teu redor se reducisen na mesma proporci\u00f3n? Por suposto que non. Dir\u00e1s ti, aqu\u00ed est\u00e1 outra vez o X. Ricardo este con situaci\u00f3ns inveros\u00edmiles, mesmo rid\u00edculas, a quen se lle ocorre? Si? Pens\u00e1chelo? <!--more-->Pois a ti, se non es un nativo dixital, xa che pasou algo parecido. Levant\u00e1cheste un d\u00eda e no teu cuarto hab\u00eda un ordenador con conexi\u00f3n a internet, e utilizaches as redes sociais como se o fixeras toda a vida, e a\u00ednda que un Mark Zuckemberg omnipotente reducira \u00e1 cuarta parte a capacidade do teu cerebro, como tam\u00e9n reduciu na mesma proporci\u00f3n a capacidade dos outros internautas, pensaches que segu\u00edas tendo a mesma intelixencia.<\/p>\n<p style=\"text-align: justify;\">\u00a0\u00a0\u00a0\u00a0 Creo que esa analox\u00eda lle gustar\u00eda moito ao cr\u00edtico literario italiano Alfonso Berardinelli, un tipo tan curioso que tras estar vinte anos dando clase na universidade renunciou \u00e1 c\u00e1tedra, e que se sente inmensamente feliz por ser un dos poucos seres humanos que consegue resistir o suposto encanto das novas tecnolox\u00edas. <a href=\"http:\/\/cafebarbantia.barbantia.es\/wp-content\/uploads\/2017\/09\/berard.jpg\"><img decoding=\"async\" loading=\"lazy\" class=\"alignleft size-medium wp-image-8118\" alt=\"berard\" src=\"http:\/\/cafebarbantia.barbantia.es\/wp-content\/uploads\/2017\/09\/berard-300x252.jpg\" width=\"300\" height=\"252\" srcset=\"https:\/\/cafebarbantia.barbantia.es\/wp-content\/uploads\/2017\/09\/berard-300x252.jpg 300w, https:\/\/cafebarbantia.barbantia.es\/wp-content\/uploads\/2017\/09\/berard-1024x862.jpg 1024w, https:\/\/cafebarbantia.barbantia.es\/wp-content\/uploads\/2017\/09\/berard-900x758.jpg 900w, https:\/\/cafebarbantia.barbantia.es\/wp-content\/uploads\/2017\/09\/berard.jpg 1600w\" sizes=\"(max-width: 300px) 100vw, 300px\" \/><\/a>Est\u00e1 convencido de que a el non lle reduciron o cerebro porque se sente m\u00e1is pr\u00f3ximo a un home medieval ou do s. XIX que a un mozo nacido nos \u00faltimos vinte anos. A\u00ednda que os demais o ven como un xigante (en anos, \u00e9 dicir, un cavern\u00edcola), el sabe que non encolleu pois cre ser o \u00fanico que conserva o metro de medir a intelixencia que a especie humana usou toda a vida.<\/p>\n<p style=\"text-align: justify;\">\u00a0\u00a0\u00a0\u00a0 Eu, por suposto, non estou de acordo con Berardinelli. Creo que lle pasa o mesmo que a aquel mestre, do que falaba Carlos Casares, que lle pegou a un neno porque pintou un can coa s\u00faa cara. O neno non entend\u00eda por que. Pintara o can porque lle gustaban os cans e pux\u00e9ralle a cara do mestre porque lle parec\u00eda moi listo. Berardinelli pensa, creo eu, que internet tam\u00e9n nos debuxa con cara de burro, insultando a nosa intelixencia. Non se decata de que \u00e9 xusto o contrario. A internet g\u00fastanlle os seres humanos, e ponnos cara de burros porque&#8230; porque&#8230; os burros son&#8230;. Iso. Son listos os burros?<\/p>\n","protected":false},"excerpt":{"rendered":"<p>X. Ricardo Losada.\u00a0Imaxina que un d\u00eda espertas e, sen ti sabelo, un Ser omnipotente reduciu as t\u00faas dimensi\u00f3ns corporais \u00e1 cuarta parte. Dar\u00edaste conta do cambio se o resto de obxectos e persoas que hai ao teu redor se reducisen na mesma proporci\u00f3n? Por suposto que non. Dir\u00e1s ti, aqu\u00ed est\u00e1 outra vez o X. &hellip; <a href=\"https:\/\/cafebarbantia.barbantia.es\/?p=8116\" class=\"more-link\">Seguir lendo <span class=\"screen-reader-text\">Mark Zuckemberg omnipotente<\/span> <span class=\"meta-nav\">&rarr;<\/span><\/a><\/p>\n","protected":false},"author":1,"featured_media":0,"comment_status":"open","ping_status":"closed","sticky":false,"template":"","format":"standard","meta":{"_bbp_topic_count":0,"_bbp_reply_count":0,"_bbp_total_topic_count":0,"_bbp_total_reply_count":0,"_bbp_voice_count":0,"_bbp_anonymous_reply_count":0,"_bbp_topic_count_hidden":0,"_bbp_reply_count_hidden":0,"_bbp_forum_subforum_count":0,"_exactmetrics_skip_tracking":false,"_exactmetrics_sitenote_active":false,"_exactmetrics_sitenote_note":"","_exactmetrics_sitenote_category":0,"_monsterinsights_skip_tracking":false,"_monsterinsights_sitenote_active":false,"_monsterinsights_sitenote_note":"","_monsterinsights_sitenote_category":0},"categories":[7,9,26],"tags":[],"aioseo_notices":[],"_links":{"self":[{"href":"https:\/\/cafebarbantia.barbantia.es\/index.php?rest_route=\/wp\/v2\/posts\/8116"}],"collection":[{"href":"https:\/\/cafebarbantia.barbantia.es\/index.php?rest_route=\/wp\/v2\/posts"}],"about":[{"href":"https:\/\/cafebarbantia.barbantia.es\/index.php?rest_route=\/wp\/v2\/types\/post"}],"author":[{"embeddable":true,"href":"https:\/\/cafebarbantia.barbantia.es\/index.php?rest_route=\/wp\/v2\/users\/1"}],"replies":[{"embeddable":true,"href":"https:\/\/cafebarbantia.barbantia.es\/index.php?rest_route=%2Fwp%2Fv2%2Fcomments&post=8116"}],"version-history":[{"count":1,"href":"https:\/\/cafebarbantia.barbantia.es\/index.php?rest_route=\/wp\/v2\/posts\/8116\/revisions"}],"predecessor-version":[{"id":8119,"href":"https:\/\/cafebarbantia.barbantia.es\/index.php?rest_route=\/wp\/v2\/posts\/8116\/revisions\/8119"}],"wp:attachment":[{"href":"https:\/\/cafebarbantia.barbantia.es\/index.php?rest_route=%2Fwp%2Fv2%2Fmedia&parent=8116"}],"wp:term":[{"taxonomy":"category","embeddable":true,"href":"https:\/\/cafebarbantia.barbantia.es\/index.php?rest_route=%2Fwp%2Fv2%2Fcategories&post=8116"},{"taxonomy":"post_tag","embeddable":true,"href":"https:\/\/cafebarbantia.barbantia.es\/index.php?rest_route=%2Fwp%2Fv2%2Ftags&post=8116"}],"curies":[{"name":"wp","href":"https:\/\/api.w.org\/{rel}","templated":true}]}}