{"id":8120,"date":"2017-09-19T06:00:12","date_gmt":"2017-09-19T06:00:12","guid":{"rendered":"http:\/\/cafebarbantia.barbantia.es\/?p=8120"},"modified":"2017-09-11T16:41:06","modified_gmt":"2017-09-11T16:41:06","slug":"a-dama-e-a-formiga","status":"publish","type":"post","link":"https:\/\/cafebarbantia.barbantia.es\/?p=8120","title":{"rendered":"A dama e a formiga"},"content":{"rendered":"<figure id=\"attachment_8122\" aria-describedby=\"caption-attachment-8122\" style=\"width: 300px\" class=\"wp-caption alignleft\"><a href=\"http:\/\/cafebarbantia.barbantia.es\/wp-content\/uploads\/2017\/09\/dama.jpg\"><img decoding=\"async\" loading=\"lazy\" class=\"size-medium wp-image-8122 \" alt=\"Matalobos\" src=\"http:\/\/cafebarbantia.barbantia.es\/wp-content\/uploads\/2017\/09\/dama-300x168.jpg\" width=\"300\" height=\"168\" srcset=\"https:\/\/cafebarbantia.barbantia.es\/wp-content\/uploads\/2017\/09\/dama-300x168.jpg 300w, https:\/\/cafebarbantia.barbantia.es\/wp-content\/uploads\/2017\/09\/dama.jpg 900w\" sizes=\"(max-width: 300px) 100vw, 300px\" \/><\/a><figcaption id=\"caption-attachment-8122\" class=\"wp-caption-text\">Matalobos<\/figcaption><\/figure>\n<p style=\"text-align: justify;\"><em><strong>Francisco Ant. Vidal Blanco.\u00a0<\/strong><\/em>A cousa foi que unha formiga que andar\u00eda pensan-do nas s\u00faas cousas e non sab\u00eda onde se met\u00eda, invadiu o apousento legal da Dama de Elxe e fixo saltar todas as alarmas. E todo porque a un ingl\u00e9s que andaba de visita polo Museo Nacional de Arqueolo-x\u00eda lle deu por po\u00f1er unhas gafas para ver de cerca, co fin de apreciar alg\u00fan deses detalles que s\u00f3 lle interesan \u00f3s curiosos<!--more-->, e al\u00ed a estaba, unha formiga milim\u00e9trica paseando pola fronte da Dama, lux\u00e1ndoa e envilec\u00e9ndoa. Non ti\u00f1a m\u00e1is ca sacar esa arma de demostraci\u00f3n masiva que todos levamos no peto para retratala e que estalase o conflito, para que todos visen \u00f3 intruso insecto e se preguntasen se quen tal permite e digno de seguir tendo a custodia legal da ilicitana.<\/p>\n<div id=\"ad_RobaPaginasMobileTEXTO_DETALLE\" itemscope=\"\" itemtype=\"https:\/\/schema.org\/WPAdBlock\" style=\"text-align: justify;\" data-url=\"\/4900\/webm.EXT.LAVOZDEGALICIA\/edicion\/\/barbanza\" data-mapping=\"ROBAMOBILE\" data-sizes=\"[[300,250],[300,300],[350, 300],[300,600],[350, 600]]\" data-param=\"pos\" data-format=\"mobile\" data-targeting=\"robapaginas\"><span style=\"font-size: 16px;\">Supo\u00f1o que nunca pensar\u00eda a boa Dama que unha simple formiga a po\u00f1er\u00eda nos papeis, ela que seguramente tivo que soportar verdadeiros enxames delas cando custodiaba nas s\u00faas entra\u00f1as as cinzas da finada que retrata, ela que soportou tantas traxedias desde o d\u00eda que sa\u00edu \u00e1 luz, a golpe da picara\u00f1a que lle deixou unha marca para sempre. Toda unha aventura que das redes sociais pasou \u00f3 senado con intenci\u00f3n de sacarlle a custodia a todo un museo nacional, como se dun matrimonio mal levado se tratase. E \u00e9 que a Dama de Elxe \u00e9 para calquera titor un tesouro e un orgullo previo pago dunha entrada.<\/span><\/div>\n<div style=\"text-align: justify;\"><span style=\"font-size: 16px;\"><a href=\"http:\/\/cafebarbantia.barbantia.es\/wp-content\/uploads\/2017\/09\/dama-elche-.jpg\"><img decoding=\"async\" loading=\"lazy\" class=\"size-medium wp-image-8125 alignright\" alt=\"dama-elche-\" src=\"http:\/\/cafebarbantia.barbantia.es\/wp-content\/uploads\/2017\/09\/dama-elche--300x169.jpg\" width=\"300\" height=\"169\" srcset=\"https:\/\/cafebarbantia.barbantia.es\/wp-content\/uploads\/2017\/09\/dama-elche--300x169.jpg 300w, https:\/\/cafebarbantia.barbantia.es\/wp-content\/uploads\/2017\/09\/dama-elche-.jpg 617w\" sizes=\"(max-width: 300px) 100vw, 300px\" \/><\/a>O certo \u00e9 que o da formiga foi a desculpa, porque a discrepancia v\u00e9n de vello. Xa nunca os ilicitanos estiveron contentos co trato que lle daban a tan preclara se\u00f1ora, desde que tras o seu ach\u00e1dego o dono das terras onde se atopou a quixo para el s\u00f3 e p\u00faxoa de adorno no seu sal\u00f3n, para goce de visitas e invitados selectos, ata que tras a presi\u00f3n popular viuse obrigado a expo\u00f1ela no balc\u00f3n da s\u00faa casa a fin de que todos os veci\u00f1os visen e co\u00f1ecesen a quen se acababa de converter na primeira dama de Elxe. Logo andaron con ela dun lado para outro ata que un franchute moi avisado, negociou na clandestinidade para que a mercase o Museo do Louvre. E haber\u00eda que agardar \u00e1 Segunda Guerra Mundial, cando por arte de non se sabe que, cos nazis en Par\u00eds e os franceses en Vich\u00ed, se negociase a s\u00faa recuperaci\u00f3n a cambio de varias obras compensatorias propiedade do Patrimonio Nacional, para instalala en Madrid. Pero os ilicitanos, que nunca renunciaron a esta filla predilecta que o Museo Nacional de Arqueolox\u00eda tomou baixo a s\u00faa custodia, reclamaron acot\u00edo os dereitos de paternidade, e s\u00f3 nalgunha ocasi\u00f3n se lle permitiu levala a pasar uns d\u00edas con eles, unha especie de cesi\u00f3n temporal, con permiso do titor legal.<\/span><\/div>\n<div id=\"ad_Roba2DetalleTEXTO_DETALLE\" itemscope=\"\" itemtype=\"https:\/\/schema.org\/WPAdBlock\" style=\"text-align: justify;\" data-url=\"\/2260323\/Roba_2_detalle\" data-mapping=\"ROBA600\" data-sizes=\"[[300,600]]\" data-param=\"\" data-format=\"double\" data-targeting=\"\" data-google-query-id=\"CP2rm4zFndYCFYMUGwodxZgDZg\"><\/div>\n<p style=\"text-align: justify;\">A\u00ednda houbo de sufrir a boa Dama o desprezo dun americano que lle quixo quitar m\u00e9rito dicindo que non era m\u00e1is ca unha mala copia, cando os restos de policrom\u00eda indicaban unha antig\u00fcidade que se remonta a varios s\u00e9culos antes de Cristo.<\/p>\n<p style=\"text-align: justify;\">E agora unha formiga que non sab\u00eda por onde andaba, que se colou por unha bandexa de sales contra a humidade (vaia cousa rara para unha formiga dulceira), no mes m\u00e1is caloroso e seco do ano, vai e pon en conflito \u00e1s d\u00faas partes en litixio pola custodia da se\u00f1ora. Toda unha aventura que para as formigas acabou cun qu\u00edmico bombardeo de destruci\u00f3n masiva, e os mesmos parlamentarios que preguntaron por que estaba o animali\u00f1o al\u00ed e non nunha bandexa de azucre, deber\u00e1n preguntar agora polos nocivos efectos colaterais que os mort\u00edferos insecticidas poden causar na delicada pel da Dama.<\/p>\n","protected":false},"excerpt":{"rendered":"<p>Francisco Ant. Vidal Blanco.\u00a0A cousa foi que unha formiga que andar\u00eda pensan-do nas s\u00faas cousas e non sab\u00eda onde se met\u00eda, invadiu o apousento legal da Dama de Elxe e fixo saltar todas as alarmas. E todo porque a un ingl\u00e9s que andaba de visita polo Museo Nacional de Arqueolo-x\u00eda lle deu por po\u00f1er unhas &hellip; <a href=\"https:\/\/cafebarbantia.barbantia.es\/?p=8120\" class=\"more-link\">Seguir lendo <span class=\"screen-reader-text\">A dama e a formiga<\/span> <span class=\"meta-nav\">&rarr;<\/span><\/a><\/p>\n","protected":false},"author":1,"featured_media":0,"comment_status":"open","ping_status":"closed","sticky":false,"template":"","format":"standard","meta":{"_bbp_topic_count":0,"_bbp_reply_count":0,"_bbp_total_topic_count":0,"_bbp_total_reply_count":0,"_bbp_voice_count":0,"_bbp_anonymous_reply_count":0,"_bbp_topic_count_hidden":0,"_bbp_reply_count_hidden":0,"_bbp_forum_subforum_count":0,"_exactmetrics_skip_tracking":false,"_exactmetrics_sitenote_active":false,"_exactmetrics_sitenote_note":"","_exactmetrics_sitenote_category":0,"_monsterinsights_skip_tracking":false,"_monsterinsights_sitenote_active":false,"_monsterinsights_sitenote_note":"","_monsterinsights_sitenote_category":0},"categories":[7,52,9],"tags":[],"aioseo_notices":[],"_links":{"self":[{"href":"https:\/\/cafebarbantia.barbantia.es\/index.php?rest_route=\/wp\/v2\/posts\/8120"}],"collection":[{"href":"https:\/\/cafebarbantia.barbantia.es\/index.php?rest_route=\/wp\/v2\/posts"}],"about":[{"href":"https:\/\/cafebarbantia.barbantia.es\/index.php?rest_route=\/wp\/v2\/types\/post"}],"author":[{"embeddable":true,"href":"https:\/\/cafebarbantia.barbantia.es\/index.php?rest_route=\/wp\/v2\/users\/1"}],"replies":[{"embeddable":true,"href":"https:\/\/cafebarbantia.barbantia.es\/index.php?rest_route=%2Fwp%2Fv2%2Fcomments&post=8120"}],"version-history":[{"count":4,"href":"https:\/\/cafebarbantia.barbantia.es\/index.php?rest_route=\/wp\/v2\/posts\/8120\/revisions"}],"predecessor-version":[{"id":8127,"href":"https:\/\/cafebarbantia.barbantia.es\/index.php?rest_route=\/wp\/v2\/posts\/8120\/revisions\/8127"}],"wp:attachment":[{"href":"https:\/\/cafebarbantia.barbantia.es\/index.php?rest_route=%2Fwp%2Fv2%2Fmedia&parent=8120"}],"wp:term":[{"taxonomy":"category","embeddable":true,"href":"https:\/\/cafebarbantia.barbantia.es\/index.php?rest_route=%2Fwp%2Fv2%2Fcategories&post=8120"},{"taxonomy":"post_tag","embeddable":true,"href":"https:\/\/cafebarbantia.barbantia.es\/index.php?rest_route=%2Fwp%2Fv2%2Ftags&post=8120"}],"curies":[{"name":"wp","href":"https:\/\/api.w.org\/{rel}","templated":true}]}}