{"id":8404,"date":"2017-11-14T06:00:01","date_gmt":"2017-11-14T06:00:01","guid":{"rendered":"http:\/\/cafebarbantia.barbantia.es\/?p=8404"},"modified":"2017-11-01T13:39:19","modified_gmt":"2017-11-01T13:39:19","slug":"gonzalo-hermo-unha-poetica-anovadora","status":"publish","type":"post","link":"https:\/\/cafebarbantia.barbantia.es\/?p=8404","title":{"rendered":"Gonzalo Hermo, unha po\u00e9tica anovadora"},"content":{"rendered":"<p style=\"text-align: justify;\"><a href=\"http:\/\/cafebarbantia.barbantia.es\/wp-content\/uploads\/2017\/10\/O-Escritor.-Celebraci\u00f3n_Gonzalo_Hermo.jpg\"><img decoding=\"async\" loading=\"lazy\" class=\"alignleft size-medium wp-image-8405\" alt=\"O Escritor. Celebraci\u00f3n_Gonzalo_Hermo\" src=\"http:\/\/cafebarbantia.barbantia.es\/wp-content\/uploads\/2017\/10\/O-Escritor.-Celebraci\u00f3n_Gonzalo_Hermo-171x300.jpg\" width=\"171\" height=\"300\" srcset=\"https:\/\/cafebarbantia.barbantia.es\/wp-content\/uploads\/2017\/10\/O-Escritor.-Celebraci\u00f3n_Gonzalo_Hermo-171x300.jpg 171w, https:\/\/cafebarbantia.barbantia.es\/wp-content\/uploads\/2017\/10\/O-Escritor.-Celebraci\u00f3n_Gonzalo_Hermo.jpg 411w\" sizes=\"(max-width: 171px) 100vw, 171px\" \/><\/a><em><strong>Pastor Rodr\u00edguez.\u00a0<\/strong><\/em>Nacido en Rianxo en 1987, licenciado en Filolox\u00eda Galega e doutor en Ling\u00fc\u00edstica pola universidade de Santiago de Compostela, en 2011 publicou <i>Crac<\/i>, que amosaba unha po\u00e9tica anovadora e comprometida e que ga\u00f1ara o Premio Xuventude Crea, da Xunta de Galicia. En 2014 aparece o seu segundo volume po\u00e9tico, <i>Celebraci\u00f3n<\/i>, co que ga\u00f1ou o Premio da Cr\u00edtica e o Premio Nacional de Poes\u00eda Nova Miguel Hern\u00e1ndez. Neste 2017 aparece a traduci\u00f3n do seu segundo volume na editorial madrile\u00f1a La Bella Varsovia, da man da ourens\u00e1 Miriam Reyes. Membro fundador da editorial Chan de P\u00f3lvora, L\u00e1zaro Louzao trasladou a s\u00faa poes\u00eda ao formato audiovisual.<!--more--> Colaborador de publicaci\u00f3ns como <i>Dorna<\/i>, <i>Revista das Letras<\/i>, <i>Protexta<\/i> ou <i>Tempos Novos<\/i>, mant\u00e9n na rede o blog <i>&#8220;Tomando notas nunha escola para resentid@s&#8221;<\/i>, mentres imparte docencia de lingua e literatura galegas na USC. As editoras de <i>Apiario<\/i>, que xa publicaran o seu primeiro volume, inclu\u00edrono na antolox\u00eda <i>No seu despregar <\/i>(2016) con outros e outras poetas, entre os que est\u00e1n Ismael Ramos (1994), moi unido a Noia, e a rianxeira Noelia G\u00f3mez (1995), colaboradora tam\u00e9n de <i>A Voz de Barbantia<\/i>. Un poeta novo que xa no segundo libro confirmou a calidade da s\u00faa po\u00e9tica.<\/p>\n","protected":false},"excerpt":{"rendered":"<p>Pastor Rodr\u00edguez.\u00a0Nacido en Rianxo en 1987, licenciado en Filolox\u00eda Galega e doutor en Ling\u00fc\u00edstica pola universidade de Santiago de Compostela, en 2011 publicou Crac, que amosaba unha po\u00e9tica anovadora e comprometida e que ga\u00f1ara o Premio Xuventude Crea, da Xunta de Galicia. En 2014 aparece o seu segundo volume po\u00e9tico, Celebraci\u00f3n, co que ga\u00f1ou o &hellip; <a href=\"https:\/\/cafebarbantia.barbantia.es\/?p=8404\" class=\"more-link\">Seguir lendo <span class=\"screen-reader-text\">Gonzalo Hermo, unha po\u00e9tica anovadora<\/span> <span class=\"meta-nav\">&rarr;<\/span><\/a><\/p>\n","protected":false},"author":1,"featured_media":0,"comment_status":"open","ping_status":"closed","sticky":false,"template":"","format":"standard","meta":{"_bbp_topic_count":0,"_bbp_reply_count":0,"_bbp_total_topic_count":0,"_bbp_total_reply_count":0,"_bbp_voice_count":0,"_bbp_anonymous_reply_count":0,"_bbp_topic_count_hidden":0,"_bbp_reply_count_hidden":0,"_bbp_forum_subforum_count":0,"_exactmetrics_skip_tracking":false,"_exactmetrics_sitenote_active":false,"_exactmetrics_sitenote_note":"","_exactmetrics_sitenote_category":0,"_monsterinsights_skip_tracking":false,"_monsterinsights_sitenote_active":false,"_monsterinsights_sitenote_note":"","_monsterinsights_sitenote_category":0},"categories":[37,10],"tags":[],"aioseo_notices":[],"_links":{"self":[{"href":"https:\/\/cafebarbantia.barbantia.es\/index.php?rest_route=\/wp\/v2\/posts\/8404"}],"collection":[{"href":"https:\/\/cafebarbantia.barbantia.es\/index.php?rest_route=\/wp\/v2\/posts"}],"about":[{"href":"https:\/\/cafebarbantia.barbantia.es\/index.php?rest_route=\/wp\/v2\/types\/post"}],"author":[{"embeddable":true,"href":"https:\/\/cafebarbantia.barbantia.es\/index.php?rest_route=\/wp\/v2\/users\/1"}],"replies":[{"embeddable":true,"href":"https:\/\/cafebarbantia.barbantia.es\/index.php?rest_route=%2Fwp%2Fv2%2Fcomments&post=8404"}],"version-history":[{"count":1,"href":"https:\/\/cafebarbantia.barbantia.es\/index.php?rest_route=\/wp\/v2\/posts\/8404\/revisions"}],"predecessor-version":[{"id":8406,"href":"https:\/\/cafebarbantia.barbantia.es\/index.php?rest_route=\/wp\/v2\/posts\/8404\/revisions\/8406"}],"wp:attachment":[{"href":"https:\/\/cafebarbantia.barbantia.es\/index.php?rest_route=%2Fwp%2Fv2%2Fmedia&parent=8404"}],"wp:term":[{"taxonomy":"category","embeddable":true,"href":"https:\/\/cafebarbantia.barbantia.es\/index.php?rest_route=%2Fwp%2Fv2%2Fcategories&post=8404"},{"taxonomy":"post_tag","embeddable":true,"href":"https:\/\/cafebarbantia.barbantia.es\/index.php?rest_route=%2Fwp%2Fv2%2Ftags&post=8404"}],"curies":[{"name":"wp","href":"https:\/\/api.w.org\/{rel}","templated":true}]}}