{"id":8893,"date":"2018-03-11T06:00:59","date_gmt":"2018-03-11T06:00:59","guid":{"rendered":"http:\/\/cafebarbantia.barbantia.es\/?p=8893"},"modified":"2018-02-25T18:37:51","modified_gmt":"2018-02-25T18:37:51","slug":"o-fracaso-do-individuo","status":"publish","type":"post","link":"https:\/\/cafebarbantia.barbantia.es\/?p=8893","title":{"rendered":"O fracaso do individuo"},"content":{"rendered":"<p style=\"text-align: justify;\"><em><strong><a href=\"http:\/\/cafebarbantia.barbantia.es\/wp-content\/uploads\/2018\/02\/BF17C7F1_22024.jpg\"><img decoding=\"async\" loading=\"lazy\" class=\"alignright size-medium wp-image-8894\" alt=\"BF17C7F1_22024\" src=\"http:\/\/cafebarbantia.barbantia.es\/wp-content\/uploads\/2018\/02\/BF17C7F1_22024-300x168.jpg\" width=\"300\" height=\"168\" srcset=\"https:\/\/cafebarbantia.barbantia.es\/wp-content\/uploads\/2018\/02\/BF17C7F1_22024-300x168.jpg 300w, https:\/\/cafebarbantia.barbantia.es\/wp-content\/uploads\/2018\/02\/BF17C7F1_22024.jpg 900w\" sizes=\"(max-width: 300px) 100vw, 300px\" \/><\/a>Francisco Ant. Vidal Blanco.\u00a0<\/strong><\/em>Todos vemos a mesma serie de televisi\u00f3n, lemos o mesmo libro e ata tomamos o mesmo combinado cada tarde, e quen non o fai non est\u00e1 na onda. A singularidade, que tanto se proclama, \u00e9 tan singular que nos iguala por un mesmo rebolo e a diferenza, moitas veces, no pasa de ser un pequeno matiz<!--more--> que non vai m\u00e1is al\u00f3 de se prefires o caf\u00e9 cunha cullerada ou cullerada e media de azucre. Esa nimiedade e todo o m\u00e1is que nos diferenza nun mundo en que cada vez m\u00e1is nos parecemos todos en gustos, preferencias e aspiraci\u00f3ns.<\/p>\n<div id=\"ad_RobaPaginasMobileTEXTO_DETALLE\" itemscope=\"\" itemtype=\"https:\/\/schema.org\/WPAdBlock\" style=\"text-align: justify;\" data-ads=\"true\" data-url=\"\/4900\/webm.EXT.LAVOZDEGALICIA\/edicion\/\/barbanza\" data-mapping=\"ROBAMOBILE\" data-sizes=\"[[300,250],[300,300],[350, 300],[300,600],[350, 600]]\" data-param=\"pos\" data-format=\"mobile\" data-targeting=\"robapaginas\"><span style=\"font-size: 16px;\">No traballo miramos m\u00e1is \u00f3s n\u00fameros que \u00e1 cara da persoa. Os capataces s\u00f3 saben ler estat\u00edsticas que, evitando e desprezando as peculiaridades propias de cada quen, confrontan. O mesmo traballador, imbu\u00eddo nese af\u00e1n comparativo, af\u00e1nase por superar as cifras persoais polas que \u00e9 medido, tratando de amosarse sobranceiro, sen decatarse de que cando falan del non citan un nome, sen\u00f3n un n\u00famero. A frase m\u00e1is escoitada \u00e9 esa de que un se est\u00e1 realizando, cando realmente o que est\u00e1 \u00e9 autoexplot\u00e1ndose a si mesmo, tratando de superar o propio rendemento, a mesma capacidade laboral para facerse notar. Xa non se necesita un capataz, encargado ou vixilante que o leve polo rego, xa est\u00e1 a idea esa da realizaci\u00f3n persoal que non \u00e9 outra cousa m\u00e1is ca un eufemismo para que cada quen se esforce por deixar as plusval\u00edas do seu traballo na bulsa empresarial. E ch\u00e9gase as\u00ed \u00e1 angustiosa loita contra o que nos rodea, virulenta moitas veces, polo \u00fanico af\u00e1n de sobresa\u00edr, de competir cos compa\u00f1eiros co fin de demostrarnos, a n\u00f3s e \u00f3 entorno, que non somos como o resto, cando realmente esa mesma aspiraci\u00f3n \u00e9 o que nos iguala; e a aqueles que non a te\u00f1en marx\u00ednanos. A cousa \u00e9 que a cada intre estamos m\u00e1is felices de formar parte da morea indistinguible, a\u00ednda que a nivel persoal, cada quen \u00f3 seu xeito, est\u00e1 convencido da s\u00faa particularidade, porque a pesares de que todos pedimos o mesmo tipo de vi\u00f1o, cada quen manifesta unha preferencia por unha marca, por unha etiqueta que singulariza a denominaci\u00f3n de orixe que todo o engloba.<\/span><\/div>\n<p style=\"text-align: justify;\"><a href=\"http:\/\/cafebarbantia.barbantia.es\/wp-content\/uploads\/2018\/02\/Byung-Chul-Han.jpg\"><img decoding=\"async\" loading=\"lazy\" class=\"alignleft size-medium wp-image-8895\" alt=\"Byung-Chul-Han\" src=\"http:\/\/cafebarbantia.barbantia.es\/wp-content\/uploads\/2018\/02\/Byung-Chul-Han-300x153.jpg\" width=\"300\" height=\"153\" srcset=\"https:\/\/cafebarbantia.barbantia.es\/wp-content\/uploads\/2018\/02\/Byung-Chul-Han-300x153.jpg 300w, https:\/\/cafebarbantia.barbantia.es\/wp-content\/uploads\/2018\/02\/Byung-Chul-Han.jpg 400w\" sizes=\"(max-width: 300px) 100vw, 300px\" \/><\/a>Vivimos nunha sociedade de alienados, e convenc\u00e9monos de que esa alienaci\u00f3n \u00e9 o mellor dos mundos, por iso, visualizarnos nas redes sociais, no grupo ou nas festas de empresa con esmorga inclu\u00edda, manifestando excentricidades de todo tipo, \u00e9 o \u00fanico que nos axuda nesa procurada diferenciaci\u00f3n, sen decatarnos de que iso s\u00f3 \u00e9 unha especie de narcisismo abocado a revolver e enturbar as augas do regato en que nos miramos; e en resumidas, a meta cara a que imos \u00e9 algo embarullado no que se pretende salientar sen deixar de ser coma todos.<\/p>\n<div id=\"ad_Roba2DetalleTEXTO_DETALLE\" itemscope=\"\" itemtype=\"https:\/\/schema.org\/WPAdBlock\" style=\"text-align: justify;\" data-url=\"\/2260323\/Roba_2_detalle\" data-mapping=\"ROBA600\" data-sizes=\"[[300,600]]\" data-param=\"\" data-format=\"double\" data-targeting=\"\" data-google-query-id=\"CN2pq-zottkCFdisUQodmggHNA\">\n<div id=\"google_ads_iframe_\/2260323\/Roba_2_detalle_0__container__\"><span style=\"font-size: 16px;\">Byung-Chul Han, un fil\u00f3sofo de orixe surcoreano con c\u00e1tedra en Berl\u00edn, explica todo isto que el chama a \u00absociedade do cansazo\u00bb e fala da \u00abagon\u00eda do pensamento\u00bb, porque xa non \u00e9 o que n\u00f3s pensamos, sen\u00f3n o que \u00e9 l\u00edcito pensar, segundo os medios nos indican, evit\u00e1ndonos e neg\u00e1ndonos a propia opini\u00f3n, an\u00e1lise ou crenza.<\/span><\/div>\n<\/div>\n<p style=\"text-align: justify;\">A tal extremo chegamos, que s\u00f3 lemos, vemos e escoitamos aquilo co que habemos de estar de acordo, e sen maior opini\u00f3n rexeitamos todo o que \u00e9 contrario a esas ideas, nas que nos encastelamos con teima numantina.<\/p>\n<div id=\"ad_Roba3DetalleTEXTO_DETALLE\" itemscope=\"\" itemtype=\"https:\/\/schema.org\/WPAdBlock\" data-url=\"\/2260323\/Roba_3_detalle\" data-mapping=\"ROBA\" data-sizes=\"[[300,250],[300,300],[300,600]]\" data-param=\"\" data-format=\"normal\" data-targeting=\"\" data-google-query-id=\"CMbbq-zottkCFU6mUQodXOkP4w\">\n<div id=\"google_ads_iframe_\/2260323\/Roba_3_detalle_0__container__\" style=\"text-align: justify;\"><span style=\"font-size: 16px;\">Como con calquera pensador, podemos estar ou non de acordo con el, pero non estar\u00e1 de m\u00e1is achegarnos a escoitalo cando explica como competimos e nos explotamos a n\u00f3s mesmos ata facer real o fracaso do individuo.<\/span><\/div>\n<\/div>\n<div id=\"ad_roba4_detalleTEXTO_DETALLE\" itemscope=\"\" itemtype=\"https:\/\/schema.org\/WPAdBlock\" data-url=\"\/2260323\/Roba_4_detalle_mobile\" data-mapping=\"ROBAMOBILE\" data-sizes=\"[[300,250],[300,300],[300,600]]\" data-param=\"\" data-format=\"mobile\" data-targeting=\"\"><\/div>\n<div id=\"article-footer\"><\/div>\n<p style=\"box-sizing: border-box; margin: 0px 0px 10px; -webkit-font-smoothing: antialiased; clear: left; display: inline-block; position: relative; min-height: 1px; padding-left: 113.313px; padding-right: 15px; width: 679.922px; font-family: Georgia, Times, 'Times New Roman', serif; line-height: 1.59; color: #222222; font-size: 19px; background-color: #ffffff; float: none !important;\"><span lang=\"gl\" style=\"box-sizing: border-box;\">\u00a0<\/span><\/p>\n","protected":false},"excerpt":{"rendered":"<p>Francisco Ant. Vidal Blanco.\u00a0Todos vemos a mesma serie de televisi\u00f3n, lemos o mesmo libro e ata tomamos o mesmo combinado cada tarde, e quen non o fai non est\u00e1 na onda. A singularidade, que tanto se proclama, \u00e9 tan singular que nos iguala por un mesmo rebolo e a diferenza, moitas veces, no pasa de &hellip; <a href=\"https:\/\/cafebarbantia.barbantia.es\/?p=8893\" class=\"more-link\">Seguir lendo <span class=\"screen-reader-text\">O fracaso do individuo<\/span> <span class=\"meta-nav\">&rarr;<\/span><\/a><\/p>\n","protected":false},"author":1,"featured_media":0,"comment_status":"open","ping_status":"closed","sticky":false,"template":"","format":"standard","meta":{"_bbp_topic_count":0,"_bbp_reply_count":0,"_bbp_total_topic_count":0,"_bbp_total_reply_count":0,"_bbp_voice_count":0,"_bbp_anonymous_reply_count":0,"_bbp_topic_count_hidden":0,"_bbp_reply_count_hidden":0,"_bbp_forum_subforum_count":0,"_exactmetrics_skip_tracking":false,"_exactmetrics_sitenote_active":false,"_exactmetrics_sitenote_note":"","_exactmetrics_sitenote_category":0,"_monsterinsights_skip_tracking":false,"_monsterinsights_sitenote_active":false,"_monsterinsights_sitenote_note":"","_monsterinsights_sitenote_category":0},"categories":[7,52,9],"tags":[],"aioseo_notices":[],"_links":{"self":[{"href":"https:\/\/cafebarbantia.barbantia.es\/index.php?rest_route=\/wp\/v2\/posts\/8893"}],"collection":[{"href":"https:\/\/cafebarbantia.barbantia.es\/index.php?rest_route=\/wp\/v2\/posts"}],"about":[{"href":"https:\/\/cafebarbantia.barbantia.es\/index.php?rest_route=\/wp\/v2\/types\/post"}],"author":[{"embeddable":true,"href":"https:\/\/cafebarbantia.barbantia.es\/index.php?rest_route=\/wp\/v2\/users\/1"}],"replies":[{"embeddable":true,"href":"https:\/\/cafebarbantia.barbantia.es\/index.php?rest_route=%2Fwp%2Fv2%2Fcomments&post=8893"}],"version-history":[{"count":1,"href":"https:\/\/cafebarbantia.barbantia.es\/index.php?rest_route=\/wp\/v2\/posts\/8893\/revisions"}],"predecessor-version":[{"id":8896,"href":"https:\/\/cafebarbantia.barbantia.es\/index.php?rest_route=\/wp\/v2\/posts\/8893\/revisions\/8896"}],"wp:attachment":[{"href":"https:\/\/cafebarbantia.barbantia.es\/index.php?rest_route=%2Fwp%2Fv2%2Fmedia&parent=8893"}],"wp:term":[{"taxonomy":"category","embeddable":true,"href":"https:\/\/cafebarbantia.barbantia.es\/index.php?rest_route=%2Fwp%2Fv2%2Fcategories&post=8893"},{"taxonomy":"post_tag","embeddable":true,"href":"https:\/\/cafebarbantia.barbantia.es\/index.php?rest_route=%2Fwp%2Fv2%2Ftags&post=8893"}],"curies":[{"name":"wp","href":"https:\/\/api.w.org\/{rel}","templated":true}]}}