{"id":8921,"date":"2018-03-14T06:00:31","date_gmt":"2018-03-14T06:00:31","guid":{"rendered":"http:\/\/cafebarbantia.barbantia.es\/?p=8921"},"modified":"2018-03-04T20:45:35","modified_gmt":"2018-03-04T20:45:35","slug":"alejandro-rodriguez-cadarso-o-reitor-de-compostela","status":"publish","type":"post","link":"https:\/\/cafebarbantia.barbantia.es\/?p=8921","title":{"rendered":"Alejandro Rodr\u00edguez Cadarso, o reitor de Compostela"},"content":{"rendered":"<p lang=\"gl-ES\" align=\"justify\"><span style=\"font-size: medium;\"><em><strong><a href=\"http:\/\/cafebarbantia.barbantia.es\/wp-content\/uploads\/2018\/02\/Rodr\u00edguez-Cadarso_01.jpg\"><img decoding=\"async\" loading=\"lazy\" class=\"alignleft size-medium wp-image-8922\" alt=\"Rodr\u00edguez Cadarso_01\" src=\"http:\/\/cafebarbantia.barbantia.es\/wp-content\/uploads\/2018\/02\/Rodr\u00edguez-Cadarso_01-183x300.jpg\" width=\"183\" height=\"300\" srcset=\"https:\/\/cafebarbantia.barbantia.es\/wp-content\/uploads\/2018\/02\/Rodr\u00edguez-Cadarso_01-183x300.jpg 183w, https:\/\/cafebarbantia.barbantia.es\/wp-content\/uploads\/2018\/02\/Rodr\u00edguez-Cadarso_01-627x1024.jpg 627w, https:\/\/cafebarbantia.barbantia.es\/wp-content\/uploads\/2018\/02\/Rodr\u00edguez-Cadarso_01.jpg 642w\" sizes=\"(max-width: 183px) 100vw, 183px\" \/><\/a>Pastor Rodr\u00edguez.\u00a0<\/strong><\/em>Nado en Noia o 21 de agosto de 1887, pola s\u00faa data de nacemento pertence a unha ilustre xeraci\u00f3n que no Barbanza deu intelectuais como Castelao, Garc\u00eda Mart\u00ed, Lustres Rivas ou Fern\u00e1ndez Mato. Estudante de bacharelato en Compostela, ingresa na Facultade de Medicina desa cidade en 1903, licenci\u00e1ndose en 1908 e especializ\u00e1ndose en Anatom\u00eda. Os estudos de doutoramento realizounos en Madrid, onde leu a tese <\/span><span style=\"font-size: medium;\"><i>&#8220;Mastoiditis y trepanaci\u00f3n&#8221;<\/i><\/span><span style=\"font-size: medium;\">. Dende 1909 traballou na universidade de Santiago e en 1916 ga\u00f1a a c\u00e1tedra de T\u00e9cnica Anat\u00f3mica da universidade de Sevilla, pero ese mesmo ano pasa a Compostela, \u00e1 c\u00e1tedra de Anatom\u00eda Descritiva e Embriolox\u00eda ata a s\u00faa morte nun accidente de autom\u00f3bil en 1933.<!--more--> Reitor da universidade compostel\u00e1 dende marzo de 1930, foi un anovador ao que se lle deberon iniciativas como a Residencia de Estudantes, o Instituto de Estudos Rexionais e as Xornadas M\u00e9dicas Galegas. Colaborou coas Misi\u00f3ns Pedag\u00f3xicas, foi deputado nas Cortes Constitu\u00edntes de 1931 e reelixido nas lexislativas dese mesmo ano pola O.R.G.A. Todos os partidos pol\u00edticos manifestaron as s\u00faas condolencias no Congreso dos Deputados o 21 de decembro de 1933 e a Academia de Ci\u00eancias de Lisboa, coa que Cadarso, como cient\u00edfico, colaborou en revistas como <\/span><span style=\"font-size: medium;\"><i>Cl\u00ednica y Laboratorio<\/i><\/span><span style=\"font-size: medium;\"> con traballos como <\/span><span style=\"font-size: medium;\"><i>&#8220;Notable anomal\u00eda del plexo sacro&#8221;<\/i><\/span><span style=\"font-size: medium;\"> (1910), e <\/span><span style=\"font-size: medium;\"><i>&#8220;Sobre el canal de torsi\u00f3n del h\u00famero y algunos datos de contribuci\u00f3n al estudio del radio&#8221;<\/i><\/span><span style=\"font-size: medium;\"> (1911), en <\/span><span style=\"font-size: medium;\"><i>Galicia M\u00e9dica<\/i><\/span><span style=\"font-size: medium;\">; <\/span><span style=\"font-size: medium;\"><i>&#8220;Ganglio linf\u00e1tico aberrante en la cara posterior del antebrazo&#8221;<\/i><\/span><span style=\"font-size: medium;\"> (1914), en <\/span><span style=\"font-size: medium;\"><i>Archivos d&#8217;Anatomie, d&#8217;Histologie et d&#8217;Embriologie<\/i><\/span><span style=\"font-size: medium;\">, entre outras revistas.<\/span><\/p>\n<p lang=\"gl-ES\" align=\"justify\">\n","protected":false},"excerpt":{"rendered":"<p>Pastor Rodr\u00edguez.\u00a0Nado en Noia o 21 de agosto de 1887, pola s\u00faa data de nacemento pertence a unha ilustre xeraci\u00f3n que no Barbanza deu intelectuais como Castelao, Garc\u00eda Mart\u00ed, Lustres Rivas ou Fern\u00e1ndez Mato. Estudante de bacharelato en Compostela, ingresa na Facultade de Medicina desa cidade en 1903, licenci\u00e1ndose en 1908 e especializ\u00e1ndose en Anatom\u00eda. &hellip; <a href=\"https:\/\/cafebarbantia.barbantia.es\/?p=8921\" class=\"more-link\">Seguir lendo <span class=\"screen-reader-text\">Alejandro Rodr\u00edguez Cadarso, o reitor de Compostela<\/span> <span class=\"meta-nav\">&rarr;<\/span><\/a><\/p>\n","protected":false},"author":1,"featured_media":0,"comment_status":"open","ping_status":"closed","sticky":false,"template":"","format":"standard","meta":{"_bbp_topic_count":0,"_bbp_reply_count":0,"_bbp_total_topic_count":0,"_bbp_total_reply_count":0,"_bbp_voice_count":0,"_bbp_anonymous_reply_count":0,"_bbp_topic_count_hidden":0,"_bbp_reply_count_hidden":0,"_bbp_forum_subforum_count":0,"_exactmetrics_skip_tracking":false,"_exactmetrics_sitenote_active":false,"_exactmetrics_sitenote_note":"","_exactmetrics_sitenote_category":0,"_monsterinsights_skip_tracking":false,"_monsterinsights_sitenote_active":false,"_monsterinsights_sitenote_note":"","_monsterinsights_sitenote_category":0},"categories":[7,37],"tags":[],"aioseo_notices":[],"_links":{"self":[{"href":"https:\/\/cafebarbantia.barbantia.es\/index.php?rest_route=\/wp\/v2\/posts\/8921"}],"collection":[{"href":"https:\/\/cafebarbantia.barbantia.es\/index.php?rest_route=\/wp\/v2\/posts"}],"about":[{"href":"https:\/\/cafebarbantia.barbantia.es\/index.php?rest_route=\/wp\/v2\/types\/post"}],"author":[{"embeddable":true,"href":"https:\/\/cafebarbantia.barbantia.es\/index.php?rest_route=\/wp\/v2\/users\/1"}],"replies":[{"embeddable":true,"href":"https:\/\/cafebarbantia.barbantia.es\/index.php?rest_route=%2Fwp%2Fv2%2Fcomments&post=8921"}],"version-history":[{"count":1,"href":"https:\/\/cafebarbantia.barbantia.es\/index.php?rest_route=\/wp\/v2\/posts\/8921\/revisions"}],"predecessor-version":[{"id":8923,"href":"https:\/\/cafebarbantia.barbantia.es\/index.php?rest_route=\/wp\/v2\/posts\/8921\/revisions\/8923"}],"wp:attachment":[{"href":"https:\/\/cafebarbantia.barbantia.es\/index.php?rest_route=%2Fwp%2Fv2%2Fmedia&parent=8921"}],"wp:term":[{"taxonomy":"category","embeddable":true,"href":"https:\/\/cafebarbantia.barbantia.es\/index.php?rest_route=%2Fwp%2Fv2%2Fcategories&post=8921"},{"taxonomy":"post_tag","embeddable":true,"href":"https:\/\/cafebarbantia.barbantia.es\/index.php?rest_route=%2Fwp%2Fv2%2Ftags&post=8921"}],"curies":[{"name":"wp","href":"https:\/\/api.w.org\/{rel}","templated":true}]}}