{"id":8945,"date":"2018-03-15T06:00:02","date_gmt":"2018-03-15T06:00:02","guid":{"rendered":"http:\/\/cafebarbantia.barbantia.es\/?p=8945"},"modified":"2018-03-08T08:25:15","modified_gmt":"2018-03-08T08:25:15","slug":"silencio-e-palabras","status":"publish","type":"post","link":"https:\/\/cafebarbantia.barbantia.es\/?p=8945","title":{"rendered":"Silencio e palabras"},"content":{"rendered":"<p style=\"text-align: justify;\"><em><strong><a href=\"http:\/\/cafebarbantia.barbantia.es\/wp-content\/uploads\/2018\/03\/darwin_silencio.jpg\"><img decoding=\"async\" loading=\"lazy\" class=\"alignright size-medium wp-image-8947\" alt=\"darwin_silencio\" src=\"http:\/\/cafebarbantia.barbantia.es\/wp-content\/uploads\/2018\/03\/darwin_silencio-300x245.jpg\" width=\"300\" height=\"245\" srcset=\"https:\/\/cafebarbantia.barbantia.es\/wp-content\/uploads\/2018\/03\/darwin_silencio-300x245.jpg 300w, https:\/\/cafebarbantia.barbantia.es\/wp-content\/uploads\/2018\/03\/darwin_silencio.jpg 400w\" sizes=\"(max-width: 300px) 100vw, 300px\" \/><\/a>Fidel Vidal.\u00a0<\/strong><\/em>Que ser\u00eda das palabras sen o silencio? E da escrita sen o branco da p\u00e1xina? O silencio non \u00e9 un baleiro, un oco improdutivo, \u00e9 o lugar onde a voz toma asento. As\u00ed o baleiro necesario no espazo para que a vida floreza e alente. Refer\u00edmo-nos ao espazo e ao silencio inocentes, coa \u00fanica intenci\u00f3n de axuda e colaboraci\u00f3n. Porque hai ocos e silencios que estouran m\u00e1is c\u00e1 treboada.<!--more--><\/p>\n<p style=\"text-align: justify;\">Igual que existe unha escritura en grao cero na concepci\u00f3n de Roland Barthes, podemos dicir o mesmo da p\u00e1xina limpa ou do silencio, sen recorrer \u00e1 destruci\u00f3n de nada, sabendo que \u201ca desintegraci\u00f3n da linguaxe pode conducir a un silencio da escritura\u201d.<\/p>\n<p style=\"text-align: justify;\">A verdade que se funda na fala consiste na palabra e en ningunha outra cousa. Unicamente se d\u00e1 no espazo da estrutura do significante, nese oco semellante e en analox\u00eda a como se efect\u00faa no burato da tarxeta perforada por onde \u00e9 factible a posta en funci\u00f3n, ou no n\u00famero \u201cun\u201d do sistema binario que sup\u00f3n a entrada, a conexi\u00f3n. E o \u201ccero\u201d, pola contra, a parte nula, opaca. Sen os buratos non ser\u00e1 viable a conexi\u00f3n nin a funci\u00f3n significante do signo.<\/p>\n<p style=\"text-align: justify;\"><a href=\"http:\/\/cafebarbantia.barbantia.es\/wp-content\/uploads\/2018\/03\/silencio-hospital-2-12-14.jpg\"><img decoding=\"async\" loading=\"lazy\" class=\"alignleft size-medium wp-image-8948\" alt=\"silencio-hospital-2-12-14\" src=\"http:\/\/cafebarbantia.barbantia.es\/wp-content\/uploads\/2018\/03\/silencio-hospital-2-12-14-300x225.jpg\" width=\"300\" height=\"225\" srcset=\"https:\/\/cafebarbantia.barbantia.es\/wp-content\/uploads\/2018\/03\/silencio-hospital-2-12-14-300x225.jpg 300w, https:\/\/cafebarbantia.barbantia.es\/wp-content\/uploads\/2018\/03\/silencio-hospital-2-12-14.jpg 800w\" sizes=\"(max-width: 300px) 100vw, 300px\" \/><\/a>Mallarm\u00e9, segundo Barthes, \u00e9 unha especie de Hamlet da escritura, \u201cexpresa cabalmente ese momento fr\u00e1xil da Historia no que a linguaxe literaria se conservase unicamente para cantar mellor a s\u00faa necesidade de morrer\u201d. A agraf\u00eda tipogr\u00e1fica de Mallarm\u00e9 quere crear arredor das palabras enrarecidas, unha zona de baleiro na que a palabra, liberada das s\u00faas harmon\u00edas sociais e culpables, felizmente xa non resoa. \u201cO voc\u00e1bulo, disociado das impurezas dos clix\u00e9s habituais, dos reflexos t\u00e9cnicos do escritor, faise plenamente irresponsable de todos os contextos posibles; ach\u00e9gase a un acto breve, singular, unha inocencia\u201d.<\/p>\n<p style=\"text-align: justify;\">Ao dicir de Claude Mauriac (<i>A Aliteraura<\/i>), co triunfo do silencio, de silenciar a escritura, estariamos no \u201climiar dun mundo sen literatura do que, non obstante, ser\u00edan os escritores os que desen testemu\u00f1o del\u201d.<\/p>\n","protected":false},"excerpt":{"rendered":"<p>Fidel Vidal.\u00a0Que ser\u00eda das palabras sen o silencio? E da escrita sen o branco da p\u00e1xina? O silencio non \u00e9 un baleiro, un oco improdutivo, \u00e9 o lugar onde a voz toma asento. As\u00ed o baleiro necesario no espazo para que a vida floreza e alente. Refer\u00edmo-nos ao espazo e ao silencio inocentes, coa \u00fanica &hellip; <a href=\"https:\/\/cafebarbantia.barbantia.es\/?p=8945\" class=\"more-link\">Seguir lendo <span class=\"screen-reader-text\">Silencio e palabras<\/span> <span class=\"meta-nav\">&rarr;<\/span><\/a><\/p>\n","protected":false},"author":1,"featured_media":0,"comment_status":"open","ping_status":"closed","sticky":false,"template":"","format":"standard","meta":{"_bbp_topic_count":0,"_bbp_reply_count":0,"_bbp_total_topic_count":0,"_bbp_total_reply_count":0,"_bbp_voice_count":0,"_bbp_anonymous_reply_count":0,"_bbp_topic_count_hidden":0,"_bbp_reply_count_hidden":0,"_bbp_forum_subforum_count":0,"_exactmetrics_skip_tracking":false,"_exactmetrics_sitenote_active":false,"_exactmetrics_sitenote_note":"","_exactmetrics_sitenote_category":0,"_monsterinsights_skip_tracking":false,"_monsterinsights_sitenote_active":false,"_monsterinsights_sitenote_note":"","_monsterinsights_sitenote_category":0},"categories":[7,65],"tags":[],"aioseo_notices":[],"_links":{"self":[{"href":"https:\/\/cafebarbantia.barbantia.es\/index.php?rest_route=\/wp\/v2\/posts\/8945"}],"collection":[{"href":"https:\/\/cafebarbantia.barbantia.es\/index.php?rest_route=\/wp\/v2\/posts"}],"about":[{"href":"https:\/\/cafebarbantia.barbantia.es\/index.php?rest_route=\/wp\/v2\/types\/post"}],"author":[{"embeddable":true,"href":"https:\/\/cafebarbantia.barbantia.es\/index.php?rest_route=\/wp\/v2\/users\/1"}],"replies":[{"embeddable":true,"href":"https:\/\/cafebarbantia.barbantia.es\/index.php?rest_route=%2Fwp%2Fv2%2Fcomments&post=8945"}],"version-history":[{"count":3,"href":"https:\/\/cafebarbantia.barbantia.es\/index.php?rest_route=\/wp\/v2\/posts\/8945\/revisions"}],"predecessor-version":[{"id":8950,"href":"https:\/\/cafebarbantia.barbantia.es\/index.php?rest_route=\/wp\/v2\/posts\/8945\/revisions\/8950"}],"wp:attachment":[{"href":"https:\/\/cafebarbantia.barbantia.es\/index.php?rest_route=%2Fwp%2Fv2%2Fmedia&parent=8945"}],"wp:term":[{"taxonomy":"category","embeddable":true,"href":"https:\/\/cafebarbantia.barbantia.es\/index.php?rest_route=%2Fwp%2Fv2%2Fcategories&post=8945"},{"taxonomy":"post_tag","embeddable":true,"href":"https:\/\/cafebarbantia.barbantia.es\/index.php?rest_route=%2Fwp%2Fv2%2Ftags&post=8945"}],"curies":[{"name":"wp","href":"https:\/\/api.w.org\/{rel}","templated":true}]}}