{"id":9193,"date":"2018-05-20T06:00:45","date_gmt":"2018-05-20T06:00:45","guid":{"rendered":"http:\/\/cafebarbantia.barbantia.es\/?p=9193"},"modified":"2018-05-10T08:35:04","modified_gmt":"2018-05-10T08:35:04","slug":"pedro-f-castelao-un-teologo-laico","status":"publish","type":"post","link":"https:\/\/cafebarbantia.barbantia.es\/?p=9193","title":{"rendered":"Pedro F. Castelao, un te\u00f3logo laico"},"content":{"rendered":"<p style=\"text-align: justify;\"><em><strong><a href=\"http:\/\/cafebarbantia.barbantia.es\/wp-content\/uploads\/2018\/04\/O-Escritor.-A-vision-do-invisible.jpg\"><img decoding=\"async\" loading=\"lazy\" class=\"alignright size-medium wp-image-9194\" alt=\"O Escritor. A vision do invisible\" src=\"http:\/\/cafebarbantia.barbantia.es\/wp-content\/uploads\/2018\/04\/O-Escritor.-A-vision-do-invisible-201x300.jpg\" width=\"201\" height=\"300\" srcset=\"https:\/\/cafebarbantia.barbantia.es\/wp-content\/uploads\/2018\/04\/O-Escritor.-A-vision-do-invisible-201x300.jpg 201w, https:\/\/cafebarbantia.barbantia.es\/wp-content\/uploads\/2018\/04\/O-Escritor.-A-vision-do-invisible.jpg 212w\" sizes=\"(max-width: 201px) 100vw, 201px\" \/><\/a>Pastor Rodr\u00edguez.\u00a0<\/strong><\/em>Pedro Manuel Fern\u00e1ndez Castelao nace en Ribeira en 1975, onde estudou o bacharelato para logo cursar teolox\u00eda no Instituto Teol\u00f3xico Compostel\u00e1n e na Universidade Pontificia de Comillas, ademais de asistir a cursos formativos en N\u00e1poles e Friburgo de Brisgovia. Premio extraordinario de Licenciatura en Teolox\u00eda no ano 2000, doutorouse no ano 2009 e ga\u00f1ou o Premio Jos\u00e9 Mar\u00eda Ram\u00f3n de Sampedro \u00e1 mellor tese de doutoramento en Teolox\u00eda. Profesor convidado na Universidade Interamericana de Porto Rico, \u00e9 profesor en Comillas de Antropolox\u00eda Teol\u00f3xica. En xaneiro de 2007 sucedeu o seu coterr\u00e1neo Andr\u00e9s Torres Queiruga, seu mestre en Compostela, na direcci\u00f3n da revista <i>Encrucillada<\/i>.<!--more--> Con estudos tam\u00e9n de Filosof\u00eda, interpreta a gaita nos grupos de m\u00fasica tradicional <i>Ancoradorio <\/i>e <i>Gueimar\u00eda<\/i>. No ano 2000 publicou o volume <i>El transfondo de lo finito. La revelaci\u00f3n en la teolog\u00eda de Paul Tillich<\/i>, ao que seguiu en 2011 a obra <i>La escisi\u00f3n de lo creado. Creaci\u00f3n, libertad y ca\u00edda en el pensamiento de Paul Tillich<\/i>, ademais de varios artigos en revistas especializadas, en volumes colectivos, pero tam\u00e9n en revistas de divulgaci\u00f3n. Te\u00f3logo con gran formaci\u00f3n intelectual, est\u00e1 tam\u00e9n moi atento aos problemas actuais da Igrexa Cat\u00f3lica, \u00e1s ensinanzas do Concilio Vaticano II e aos problemas da Igrexa en Galicia a trav\u00e9s da revista <i>Encrucillada<\/i>, na que publicou varios traballos, entre eles <i>&#8220;O Concilio Pastoral de Galicia e o galego&#8221;<\/i> (2009) ou <i>&#8220;A existencia de Deus e o problema do mal&#8221;<\/i> (2010). Xa no ano 2014 aparece o seu primeiro volume en galego, <i>A visi\u00f3n do invisible. Ensaio epistolar contra a banalidade intrascendente<\/i>.<\/p>\n","protected":false},"excerpt":{"rendered":"<p>Pastor Rodr\u00edguez.\u00a0Pedro Manuel Fern\u00e1ndez Castelao nace en Ribeira en 1975, onde estudou o bacharelato para logo cursar teolox\u00eda no Instituto Teol\u00f3xico Compostel\u00e1n e na Universidade Pontificia de Comillas, ademais de asistir a cursos formativos en N\u00e1poles e Friburgo de Brisgovia. Premio extraordinario de Licenciatura en Teolox\u00eda no ano 2000, doutorouse no ano 2009 e ga\u00f1ou &hellip; <a href=\"https:\/\/cafebarbantia.barbantia.es\/?p=9193\" class=\"more-link\">Seguir lendo <span class=\"screen-reader-text\">Pedro F. Castelao, un te\u00f3logo laico<\/span> <span class=\"meta-nav\">&rarr;<\/span><\/a><\/p>\n","protected":false},"author":1,"featured_media":0,"comment_status":"open","ping_status":"closed","sticky":false,"template":"","format":"standard","meta":{"_bbp_topic_count":0,"_bbp_reply_count":0,"_bbp_total_topic_count":0,"_bbp_total_reply_count":0,"_bbp_voice_count":0,"_bbp_anonymous_reply_count":0,"_bbp_topic_count_hidden":0,"_bbp_reply_count_hidden":0,"_bbp_forum_subforum_count":0,"_exactmetrics_skip_tracking":false,"_exactmetrics_sitenote_active":false,"_exactmetrics_sitenote_note":"","_exactmetrics_sitenote_category":0,"_monsterinsights_skip_tracking":false,"_monsterinsights_sitenote_active":false,"_monsterinsights_sitenote_note":"","_monsterinsights_sitenote_category":0},"categories":[7,37],"tags":[],"aioseo_notices":[],"_links":{"self":[{"href":"https:\/\/cafebarbantia.barbantia.es\/index.php?rest_route=\/wp\/v2\/posts\/9193"}],"collection":[{"href":"https:\/\/cafebarbantia.barbantia.es\/index.php?rest_route=\/wp\/v2\/posts"}],"about":[{"href":"https:\/\/cafebarbantia.barbantia.es\/index.php?rest_route=\/wp\/v2\/types\/post"}],"author":[{"embeddable":true,"href":"https:\/\/cafebarbantia.barbantia.es\/index.php?rest_route=\/wp\/v2\/users\/1"}],"replies":[{"embeddable":true,"href":"https:\/\/cafebarbantia.barbantia.es\/index.php?rest_route=%2Fwp%2Fv2%2Fcomments&post=9193"}],"version-history":[{"count":1,"href":"https:\/\/cafebarbantia.barbantia.es\/index.php?rest_route=\/wp\/v2\/posts\/9193\/revisions"}],"predecessor-version":[{"id":9195,"href":"https:\/\/cafebarbantia.barbantia.es\/index.php?rest_route=\/wp\/v2\/posts\/9193\/revisions\/9195"}],"wp:attachment":[{"href":"https:\/\/cafebarbantia.barbantia.es\/index.php?rest_route=%2Fwp%2Fv2%2Fmedia&parent=9193"}],"wp:term":[{"taxonomy":"category","embeddable":true,"href":"https:\/\/cafebarbantia.barbantia.es\/index.php?rest_route=%2Fwp%2Fv2%2Fcategories&post=9193"},{"taxonomy":"post_tag","embeddable":true,"href":"https:\/\/cafebarbantia.barbantia.es\/index.php?rest_route=%2Fwp%2Fv2%2Ftags&post=9193"}],"curies":[{"name":"wp","href":"https:\/\/api.w.org\/{rel}","templated":true}]}}