{"id":9236,"date":"2018-05-18T06:00:29","date_gmt":"2018-05-18T06:00:29","guid":{"rendered":"http:\/\/cafebarbantia.barbantia.es\/?p=9236"},"modified":"2018-05-11T11:17:41","modified_gmt":"2018-05-11T11:17:41","slug":"galicia-e-os-galegos-na-poesia-castela-lxxxviii-o-conde-de-foxa","status":"publish","type":"post","link":"https:\/\/cafebarbantia.barbantia.es\/?p=9236","title":{"rendered":"Galicia e os galegos na poes\u00eda castel\u00e1. LXXXVIII. O conde de Fox\u00e1"},"content":{"rendered":"<p lang=\"gl-ES\" align=\"justify\"><span style=\"font-family: Calibri, sans-serif;\"><i><b><a href=\"http:\/\/cafebarbantia.barbantia.es\/wp-content\/uploads\/2018\/05\/poesia.jpg\"><img decoding=\"async\" loading=\"lazy\" class=\"alignright size-medium wp-image-9237\" alt=\"poesia\" src=\"http:\/\/cafebarbantia.barbantia.es\/wp-content\/uploads\/2018\/05\/poesia-214x300.jpg\" width=\"214\" height=\"300\" srcset=\"https:\/\/cafebarbantia.barbantia.es\/wp-content\/uploads\/2018\/05\/poesia-214x300.jpg 214w, https:\/\/cafebarbantia.barbantia.es\/wp-content\/uploads\/2018\/05\/poesia.jpg 450w\" sizes=\"(max-width: 214px) 100vw, 214px\" \/><\/a>Rom\u00e1n Ar\u00e9n.<\/b><\/i> Ignoro cal foi a relaci\u00f3n de Agust\u00edn de Fox\u00e1 (1903-1959) con Galicia. Foi un dos m\u00e1is destacados intelectuais que apoiou a Franco, famoso por ser o autor da mellor novela da guerra civil escrita dende o bando fascista, <i>Madid de corte a cheka <\/i>(1938), pero tam\u00e9n dramaturgo con <i>Baile en capitan\u00eda <\/i>(1944) ou <i>Cui-Ping-Sing <\/i>(1940), bo xornalista, autor dos contos de <i>Misi\u00f3n en Bucarest,<\/i> viaxeiro que contou as s\u00faas experiencias en <i>Por la otra orilla. <\/i>E poeta, autor de <i>La ni\u00f1a del caracol <\/i>(1933), entre o modernismo e a vangarda, <i>El toro, la muerte y el agua <\/i>(1936), <i>El almendro y la espada <\/i>(1940), poes\u00eda b\u00e9lica, e <i>El gallo y la muerte <\/i>(1948).<!--more--> En 2005 Luis Alberto de Cuenca editou unha antolox\u00eda de Fox\u00e1, <i>Poes\u00eda <\/i>(Sevilla, Renacimiento) que recolle dispersos, entre eles o poema \u201cEspa\u00f1a\u201d, no que aparece o galego:<\/span><\/p>\n<p lang=\"gl-ES\" align=\"justify\"><span style=\"font-family: Calibri, sans-serif;\">Veo a tu Cid, que entre naranjas, vence al\/nacer la dulce lengua de Galicia,\/miedo, y est\u00e1n los cuatro barcas de Wilfredo\/junto al a\u00f1il de un mar que te acaricia.<\/span><\/p>\n<p lang=\"gl-ES\" align=\"justify\"><span style=\"font-family: Calibri, sans-serif;\">Tam\u00e9n Santiago est\u00e1 nos seus poemas:<\/span><\/p>\n<p lang=\"gl-ES\" align=\"justify\"><span style=\"font-family: Calibri, sans-serif;\">Duerme cinco horas porque se desvela\/este peregrino que va a Compostela\/a purgar un crimen que a\u00fan le causa miedo&#8230;<\/span><\/p>\n<p lang=\"gl-ES\" align=\"justify\"><span style=\"font-family: Calibri, sans-serif;\">Conchas sobre el lomo, y a\u00fan erguido apenas\/mira de Galicia las noches serenas.<\/span><\/p>\n<p lang=\"gl-ES\" align=\"justify\"><span style=\"font-family: Calibri, sans-serif;\">Mais tam\u00e9n o t\u00f3pico do galego dubidoso: \u201csin duda galaica, ni leon\u00e9s desmayo\u201d.<\/span><\/p>\n","protected":false},"excerpt":{"rendered":"<p>Rom\u00e1n Ar\u00e9n. Ignoro cal foi a relaci\u00f3n de Agust\u00edn de Fox\u00e1 (1903-1959) con Galicia. Foi un dos m\u00e1is destacados intelectuais que apoiou a Franco, famoso por ser o autor da mellor novela da guerra civil escrita dende o bando fascista, Madid de corte a cheka (1938), pero tam\u00e9n dramaturgo con Baile en capitan\u00eda (1944) ou &hellip; <a href=\"https:\/\/cafebarbantia.barbantia.es\/?p=9236\" class=\"more-link\">Seguir lendo <span class=\"screen-reader-text\">Galicia e os galegos na poes\u00eda castel\u00e1. LXXXVIII. O conde de Fox\u00e1<\/span> <span class=\"meta-nav\">&rarr;<\/span><\/a><\/p>\n","protected":false},"author":1,"featured_media":0,"comment_status":"open","ping_status":"closed","sticky":false,"template":"","format":"standard","meta":{"_bbp_topic_count":0,"_bbp_reply_count":0,"_bbp_total_topic_count":0,"_bbp_total_reply_count":0,"_bbp_voice_count":0,"_bbp_anonymous_reply_count":0,"_bbp_topic_count_hidden":0,"_bbp_reply_count_hidden":0,"_bbp_forum_subforum_count":0,"_exactmetrics_skip_tracking":false,"_exactmetrics_sitenote_active":false,"_exactmetrics_sitenote_note":"","_exactmetrics_sitenote_category":0,"_monsterinsights_skip_tracking":false,"_monsterinsights_sitenote_active":false,"_monsterinsights_sitenote_note":"","_monsterinsights_sitenote_category":0},"categories":[32,9,10,28],"tags":[],"aioseo_notices":[],"_links":{"self":[{"href":"https:\/\/cafebarbantia.barbantia.es\/index.php?rest_route=\/wp\/v2\/posts\/9236"}],"collection":[{"href":"https:\/\/cafebarbantia.barbantia.es\/index.php?rest_route=\/wp\/v2\/posts"}],"about":[{"href":"https:\/\/cafebarbantia.barbantia.es\/index.php?rest_route=\/wp\/v2\/types\/post"}],"author":[{"embeddable":true,"href":"https:\/\/cafebarbantia.barbantia.es\/index.php?rest_route=\/wp\/v2\/users\/1"}],"replies":[{"embeddable":true,"href":"https:\/\/cafebarbantia.barbantia.es\/index.php?rest_route=%2Fwp%2Fv2%2Fcomments&post=9236"}],"version-history":[{"count":2,"href":"https:\/\/cafebarbantia.barbantia.es\/index.php?rest_route=\/wp\/v2\/posts\/9236\/revisions"}],"predecessor-version":[{"id":9245,"href":"https:\/\/cafebarbantia.barbantia.es\/index.php?rest_route=\/wp\/v2\/posts\/9236\/revisions\/9245"}],"wp:attachment":[{"href":"https:\/\/cafebarbantia.barbantia.es\/index.php?rest_route=%2Fwp%2Fv2%2Fmedia&parent=9236"}],"wp:term":[{"taxonomy":"category","embeddable":true,"href":"https:\/\/cafebarbantia.barbantia.es\/index.php?rest_route=%2Fwp%2Fv2%2Fcategories&post=9236"},{"taxonomy":"post_tag","embeddable":true,"href":"https:\/\/cafebarbantia.barbantia.es\/index.php?rest_route=%2Fwp%2Fv2%2Ftags&post=9236"}],"curies":[{"name":"wp","href":"https:\/\/api.w.org\/{rel}","templated":true}]}}