{"id":9294,"date":"2018-06-17T06:00:58","date_gmt":"2018-06-17T06:00:58","guid":{"rendered":"http:\/\/cafebarbantia.barbantia.es\/?p=9294"},"modified":"2018-06-10T10:14:28","modified_gmt":"2018-06-10T10:14:28","slug":"filoloxia-e-etnografia","status":"publish","type":"post","link":"https:\/\/cafebarbantia.barbantia.es\/?p=9294","title":{"rendered":"Filolox\u00eda e etnograf\u00eda"},"content":{"rendered":"<p style=\"text-align: justify;\"><em><strong><a href=\"http:\/\/cafebarbantia.barbantia.es\/wp-content\/uploads\/2018\/05\/68fa1de09dab4d9c56f224b236827a16.jpg\"><img decoding=\"async\" loading=\"lazy\" class=\"alignright size-medium wp-image-9295\" alt=\"68fa1de09dab4d9c56f224b236827a16\" src=\"http:\/\/cafebarbantia.barbantia.es\/wp-content\/uploads\/2018\/05\/68fa1de09dab4d9c56f224b236827a16-182x300.jpg\" width=\"182\" height=\"300\" srcset=\"https:\/\/cafebarbantia.barbantia.es\/wp-content\/uploads\/2018\/05\/68fa1de09dab4d9c56f224b236827a16-182x300.jpg 182w, https:\/\/cafebarbantia.barbantia.es\/wp-content\/uploads\/2018\/05\/68fa1de09dab4d9c56f224b236827a16.jpg 435w\" sizes=\"(max-width: 182px) 100vw, 182px\" \/><\/a>Pastor Rodr\u00edguez.\u00a0<\/strong><\/em>Milagros Torrado naceu en Cesp\u00f3n, Boiro, en 1983 e xa dende nena se interesou pola creaci\u00f3n literaria. Licenciada en Filolox\u00eda Inglesa no 2006 pola Universidade de Compostela, doutora da s\u00faa especialidade e profesora da Universidade Internacional de La Rioja, \u00e9 secretaria da A. C. Barbantia, colaborou en Le\u00f1averde, Fol\u00eda, o Anuario Brigantino e no da asociaci\u00f3n da que \u00e9 membro.\u00a0Os seus estudos, xeralmente, unen a filolox\u00eda e a etnograf\u00eda, \u00e1s veces comparando tradici\u00f3ns brit\u00e1nicas coas galegas. No ano 2010 sacou do prelo o volume\u00a0<em>O fen\u00f3meno cultural da fascinolox\u00eda. As Illas Brit\u00e1nicas e Galicia<\/em>, partindo dos seus estudos de doutoramento.<!--more--><\/p>\n<div id=\"6TEXTO_DETALLEad_RobaPaginasMobile-id\" itemscope=\"\" itemtype=\"https:\/\/schema.org\/WPAdBlock\" style=\"text-align: justify;\" data-ads=\"true\" data-url=\"\/4900\/webm.EXT.LAVOZDEGALICIA\/galicia\/barbanza\" data-mapping=\"ROBAMOBILE\" data-sizes=\"[[300,600],[300,300],[300,250]]\" data-param=\"pos\" data-format=\"mobile\" data-targeting=\"robapaginas\"><span style=\"font-size: 16px;\">Xa no ano 2017 edita\u00a0<\/span><em style=\"font-size: 16px;\">Da Moura \u00e1 Sheela-Na-Gig: reflexi\u00f3ns sobre significado, orixe e evoluci\u00f3n<\/em><span style=\"font-size: 16px;\">, outro chanzo da cultura popular. Entremedias, foron aparecendo outros estudos, e as\u00ed no Anuario Brigantino publicou\u00a0<\/span><em style=\"font-size: 16px;\">El altar rupestre de A pedra p\u00eda<\/em><span style=\"font-size: 16px;\">(2011), en colaboraci\u00f3n con Aurora Lest\u00f3n Mayo e\u00a0<\/span><em style=\"font-size: 16px;\">El rito propiciatorio de la fecundidad humana en el entorno del antiguo alcornocal de San Ram\u00f3n de Bealo (Boiro, A Coru\u00f1a) y otros testimonios de dentrolatr\u00eda<\/em><span style=\"font-size: 16px;\">\u00a0(2016), en coautor\u00eda con F. Alonso Romero, con quen tam\u00e9n publicou\u00a0<\/span><em style=\"font-size: 16px;\">Ori\u00f3n en un petroglifo de Folgoso. Significado simb\u00f3lico y pr\u00e1ctico de los astros<\/em><span style=\"font-size: 16px;\">\u00a0(2014).<\/span><\/div>\n<div id=\"TEXTO_DETALLE_ad_Roba2Desktop\" itemscope=\"\" itemtype=\"https:\/\/schema.org\/WPAdBlock\" style=\"text-align: justify;\" data-url=\"\/2260323\/LVDG.Desktop\/barbanza\" data-mapping=\"VOZ_ROBA_DESKTOP\" data-sizes=\"[[300,250],[300,300],[300,600]]\" data-param=\"pos\" data-format=\"normal\" data-targeting=\"Roba2\" data-google-query-id=\"CLnG-MqlodsCFYll0wodLXQB1Q\">\n<div id=\"google_ads_iframe_\/2260323\/LVDG.Desktop\/barbanza_0__container__\"><span style=\"font-size: 16px;\">No anuario Barbantia apareceron outros traballos seus:\u00a0<\/span><em style=\"font-size: 16px;\">Unha pequena viaxe etnogr\u00e1fica polo Barbanza<\/em><span style=\"font-size: 16px;\">\u00a0(2010) e\u00a0<\/span><em style=\"font-size: 16px;\">Actualizaci\u00f3n da Noia de Ruth Matilda Anderson: fotograf\u00edas de onte e hoxe<\/em><span style=\"font-size: 16px;\">(2011).<\/span><\/div>\n<\/div>\n<p style=\"text-align: justify;\">A\u00ednda se poden citar outros ensaios editados en volumes colectivos, como o titulado\u00a0<em>Historias recollidas nalg\u00fans cruceiros de Boiro<\/em>\u00a0(A Coru\u00f1a), de 2010.<\/p>\n","protected":false},"excerpt":{"rendered":"<p>Pastor Rodr\u00edguez.\u00a0Milagros Torrado naceu en Cesp\u00f3n, Boiro, en 1983 e xa dende nena se interesou pola creaci\u00f3n literaria. Licenciada en Filolox\u00eda Inglesa no 2006 pola Universidade de Compostela, doutora da s\u00faa especialidade e profesora da Universidade Internacional de La Rioja, \u00e9 secretaria da A. C. Barbantia, colaborou en Le\u00f1averde, Fol\u00eda, o Anuario Brigantino e no &hellip; <a href=\"https:\/\/cafebarbantia.barbantia.es\/?p=9294\" class=\"more-link\">Seguir lendo <span class=\"screen-reader-text\">Filolox\u00eda e etnograf\u00eda<\/span> <span class=\"meta-nav\">&rarr;<\/span><\/a><\/p>\n","protected":false},"author":1,"featured_media":0,"comment_status":"open","ping_status":"closed","sticky":false,"template":"","format":"standard","meta":{"_bbp_topic_count":0,"_bbp_reply_count":0,"_bbp_total_topic_count":0,"_bbp_total_reply_count":0,"_bbp_voice_count":0,"_bbp_anonymous_reply_count":0,"_bbp_topic_count_hidden":0,"_bbp_reply_count_hidden":0,"_bbp_forum_subforum_count":0,"_exactmetrics_skip_tracking":false,"_exactmetrics_sitenote_active":false,"_exactmetrics_sitenote_note":"","_exactmetrics_sitenote_category":0,"_monsterinsights_skip_tracking":false,"_monsterinsights_sitenote_active":false,"_monsterinsights_sitenote_note":"","_monsterinsights_sitenote_category":0},"categories":[7,37],"tags":[],"aioseo_notices":[],"_links":{"self":[{"href":"https:\/\/cafebarbantia.barbantia.es\/index.php?rest_route=\/wp\/v2\/posts\/9294"}],"collection":[{"href":"https:\/\/cafebarbantia.barbantia.es\/index.php?rest_route=\/wp\/v2\/posts"}],"about":[{"href":"https:\/\/cafebarbantia.barbantia.es\/index.php?rest_route=\/wp\/v2\/types\/post"}],"author":[{"embeddable":true,"href":"https:\/\/cafebarbantia.barbantia.es\/index.php?rest_route=\/wp\/v2\/users\/1"}],"replies":[{"embeddable":true,"href":"https:\/\/cafebarbantia.barbantia.es\/index.php?rest_route=%2Fwp%2Fv2%2Fcomments&post=9294"}],"version-history":[{"count":1,"href":"https:\/\/cafebarbantia.barbantia.es\/index.php?rest_route=\/wp\/v2\/posts\/9294\/revisions"}],"predecessor-version":[{"id":9296,"href":"https:\/\/cafebarbantia.barbantia.es\/index.php?rest_route=\/wp\/v2\/posts\/9294\/revisions\/9296"}],"wp:attachment":[{"href":"https:\/\/cafebarbantia.barbantia.es\/index.php?rest_route=%2Fwp%2Fv2%2Fmedia&parent=9294"}],"wp:term":[{"taxonomy":"category","embeddable":true,"href":"https:\/\/cafebarbantia.barbantia.es\/index.php?rest_route=%2Fwp%2Fv2%2Fcategories&post=9294"},{"taxonomy":"post_tag","embeddable":true,"href":"https:\/\/cafebarbantia.barbantia.es\/index.php?rest_route=%2Fwp%2Fv2%2Ftags&post=9294"}],"curies":[{"name":"wp","href":"https:\/\/api.w.org\/{rel}","templated":true}]}}