{"id":9728,"date":"2018-10-08T06:00:12","date_gmt":"2018-10-08T06:00:12","guid":{"rendered":"http:\/\/cafebarbantia.barbantia.es\/?p=9728"},"modified":"2018-10-02T07:03:44","modified_gmt":"2018-10-02T07:03:44","slug":"equinoccio","status":"publish","type":"post","link":"https:\/\/cafebarbantia.barbantia.es\/?p=9728","title":{"rendered":"Equinoccio"},"content":{"rendered":"<p style=\"text-align: justify;\"><em><strong><a href=\"http:\/\/cafebarbantia.barbantia.es\/wp-content\/uploads\/2018\/09\/O-F\u00edo.-Foto.jpg\"><img decoding=\"async\" loading=\"lazy\" class=\"alignright size-medium wp-image-9729\" alt=\"O F\u00edo. Foto\" src=\"http:\/\/cafebarbantia.barbantia.es\/wp-content\/uploads\/2018\/09\/O-F\u00edo.-Foto-300x169.jpg\" width=\"300\" height=\"169\" srcset=\"https:\/\/cafebarbantia.barbantia.es\/wp-content\/uploads\/2018\/09\/O-F\u00edo.-Foto-300x169.jpg 300w, https:\/\/cafebarbantia.barbantia.es\/wp-content\/uploads\/2018\/09\/O-F\u00edo.-Foto-1024x577.jpg 1024w, https:\/\/cafebarbantia.barbantia.es\/wp-content\/uploads\/2018\/09\/O-F\u00edo.-Foto-900x507.jpg 900w\" sizes=\"(max-width: 300px) 100vw, 300px\" \/><\/a>Mar\u00eda Xes\u00fas Blanco.\u00a0<\/strong><\/em>No interludio a brisa achega sempre olores mesturados, como de pi\u00f1eiro enxoito e area mollada. Calquera d\u00eda unha coloraci\u00f3n gris e humedecida anegar\u00e1 esta paisaxe. Mais hoxe a alborada volveu abrir despexada. E o ser\u00e1n zumega un ver\u00e1n que se resiste a esvarar no carreiro do fuxid\u00edo.<!--more--> No paseo decido botar man da c\u00e1mara do m\u00f3bil, como tantas veces. Ser\u00e1 porque non son unha turista neste lugar do que non me canso de ollar a s\u00faa luminosidade. E nesta mudanza gustar\u00edame retratar as bolboretas clarexando como alfaias na sombra alongada das silveiras. Elas tam\u00e9n anhelan o vi\u00f1o das amoras. A primeira imaxe sae desenfocada na pantalla. Arestora son consciente de que hei de conformarme co harmonioso instante da visi\u00f3n. Preto da ribeira corre de s\u00fapeto un airi\u00f1o m\u00e1is fresco. E presta a contemplaci\u00f3n da luz solar mergull\u00e1ndose sen mesura na pel l\u00edquida e ousada do horizonte. Atr\u00e1s quedan as mesas de pedra algareiras con olor a caf\u00e9 e a salitre. E a area da praia ateigada de multitudes. Que beleza transmite a nudez da paisaxe! A\u00ednda que a s\u00faa tonalidade exhiba unha combinaci\u00f3n de cores estra\u00f1a, unha claridade ambigua.<\/p>\n<p style=\"text-align: justify;\">Imaxe no interludio capturada coa c\u00e1mara do m\u00f3bil. Baixo un sol salvaxe que queima o inicio do\u00a0 outono int\u00faese un vento variable, un nord\u00e9s amos\u00e1ndose t\u00edmido no tr\u00e1nsito do equinoccio.<\/p>\n","protected":false},"excerpt":{"rendered":"<p>Mar\u00eda Xes\u00fas Blanco.\u00a0No interludio a brisa achega sempre olores mesturados, como de pi\u00f1eiro enxoito e area mollada. Calquera d\u00eda unha coloraci\u00f3n gris e humedecida anegar\u00e1 esta paisaxe. Mais hoxe a alborada volveu abrir despexada. E o ser\u00e1n zumega un ver\u00e1n que se resiste a esvarar no carreiro do fuxid\u00edo.<\/p>\n","protected":false},"author":1,"featured_media":0,"comment_status":"open","ping_status":"closed","sticky":false,"template":"","format":"standard","meta":{"_bbp_topic_count":0,"_bbp_reply_count":0,"_bbp_total_topic_count":0,"_bbp_total_reply_count":0,"_bbp_voice_count":0,"_bbp_anonymous_reply_count":0,"_bbp_topic_count_hidden":0,"_bbp_reply_count_hidden":0,"_bbp_forum_subforum_count":0,"_exactmetrics_skip_tracking":false,"_exactmetrics_sitenote_active":false,"_exactmetrics_sitenote_note":"","_exactmetrics_sitenote_category":0,"_monsterinsights_skip_tracking":false,"_monsterinsights_sitenote_active":false,"_monsterinsights_sitenote_note":"","_monsterinsights_sitenote_category":0},"categories":[32,38,9],"tags":[],"aioseo_notices":[],"_links":{"self":[{"href":"https:\/\/cafebarbantia.barbantia.es\/index.php?rest_route=\/wp\/v2\/posts\/9728"}],"collection":[{"href":"https:\/\/cafebarbantia.barbantia.es\/index.php?rest_route=\/wp\/v2\/posts"}],"about":[{"href":"https:\/\/cafebarbantia.barbantia.es\/index.php?rest_route=\/wp\/v2\/types\/post"}],"author":[{"embeddable":true,"href":"https:\/\/cafebarbantia.barbantia.es\/index.php?rest_route=\/wp\/v2\/users\/1"}],"replies":[{"embeddable":true,"href":"https:\/\/cafebarbantia.barbantia.es\/index.php?rest_route=%2Fwp%2Fv2%2Fcomments&post=9728"}],"version-history":[{"count":2,"href":"https:\/\/cafebarbantia.barbantia.es\/index.php?rest_route=\/wp\/v2\/posts\/9728\/revisions"}],"predecessor-version":[{"id":9731,"href":"https:\/\/cafebarbantia.barbantia.es\/index.php?rest_route=\/wp\/v2\/posts\/9728\/revisions\/9731"}],"wp:attachment":[{"href":"https:\/\/cafebarbantia.barbantia.es\/index.php?rest_route=%2Fwp%2Fv2%2Fmedia&parent=9728"}],"wp:term":[{"taxonomy":"category","embeddable":true,"href":"https:\/\/cafebarbantia.barbantia.es\/index.php?rest_route=%2Fwp%2Fv2%2Fcategories&post=9728"},{"taxonomy":"post_tag","embeddable":true,"href":"https:\/\/cafebarbantia.barbantia.es\/index.php?rest_route=%2Fwp%2Fv2%2Ftags&post=9728"}],"curies":[{"name":"wp","href":"https:\/\/api.w.org\/{rel}","templated":true}]}}